{"id":29542,"date":"2026-02-26T06:17:30","date_gmt":"2026-02-26T09:17:30","guid":{"rendered":"https:\/\/resumenprovincial.com.ar\/?p=29542"},"modified":"2026-02-26T06:17:30","modified_gmt":"2026-02-26T09:17:30","slug":"pescador-que-cayo-en-aguas-del-rio-uruguay-es-intensamente-buscado","status":"publish","type":"post","link":"https:\/\/resumenprovincial.com.ar\/?p=29542","title":{"rendered":"Pescador que cay\u00f3 en aguas del r\u00edo Uruguay es intensamente buscado"},"content":{"rendered":"\n<p>Un pescador artesanal de Gualeguaych\u00fa desapareci\u00f3 en el r\u00edo Uruguay a la altura del kil\u00f3metro 58, mientras realizaba sus tareas habituales. Su embarcaci\u00f3n fue encontrada dada vuelta en el agua sin rastros del trabajador, lo que motiv\u00f3 un amplio operativo de b\u00fasqueda por parte de la Prefectura Naval Argentina.<\/p>\n\n\n\n<p>Ayer, la b\u00fasqueda del pescador artesanal concentr\u00f3 un importante operativo en Gualeguaych\u00fa, luego de que el hombre, de unos 50 a\u00f1os, desapareciera el mi\u00e9rcoles mientras revisaba las mallas en el r\u00edo. La Prefectura intervino despu\u00e9s de que sus compa\u00f1eros encontraran el bote invertido y dieran aviso a las autoridades.<\/p>\n\n\n\n<p>Del operativo participaron efectivos de la Prefectura Naval con asiento en Gualeguaych\u00fa y Concepci\u00f3n del Uruguay, as\u00ed como compa\u00f1eros del pescador. Las tareas de rastrillaje se centraron en la zona del kil\u00f3metro 58, pero el fuerte viento y la baja visibilidad complicaron la b\u00fasqueda.<\/p>\n\n\n\n<p>Con la llegada de la noche, las tareas se suspendieron y se prev\u00e9 que se retomen hoy, siempre que las condiciones clim\u00e1ticas lo permitan.<\/p>\n","protected":false},"excerpt":{"rendered":"<p>Un pescador artesanal de Gualeguaych&uacute; desapareci&oacute; en el r&iacute;o Uruguay a la altura del kil&oacute;metro 58, mientras realizaba sus tareas&hellip;<\/p>\n","protected":false},"author":2,"featured_media":29543,"comment_status":"closed","ping_status":"closed","sticky":false,"template":"","format":"standard","meta":{"footnotes":""},"categories":[34,56],"tags":[],"class_list":["post-29542","post","type-post","status-publish","format-standard","has-post-thumbnail","hentry","category-provinciales","category-tragedia"],"_links":{"self":[{"href":"https:\/\/resumenprovincial.com.ar\/index.php?rest_route=\/wp\/v2\/posts\/29542","targetHints":{"allow":["GET"]}}],"collection":[{"href":"https:\/\/resumenprovincial.com.ar\/index.php?rest_route=\/wp\/v2\/posts"}],"about":[{"href":"https:\/\/resumenprovincial.com.ar\/index.php?rest_route=\/wp\/v2\/types\/post"}],"author":[{"embeddable":true,"href":"https:\/\/resumenprovincial.com.ar\/index.php?rest_route=\/wp\/v2\/users\/2"}],"replies":[{"embeddable":true,"href":"https:\/\/resumenprovincial.com.ar\/index.php?rest_route=%2Fwp%2Fv2%2Fcomments&post=29542"}],"version-history":[{"count":1,"href":"https:\/\/resumenprovincial.com.ar\/index.php?rest_route=\/wp\/v2\/posts\/29542\/revisions"}],"predecessor-version":[{"id":29544,"href":"https:\/\/resumenprovincial.com.ar\/index.php?rest_route=\/wp\/v2\/posts\/29542\/revisions\/29544"}],"wp:featuredmedia":[{"embeddable":true,"href":"https:\/\/resumenprovincial.com.ar\/index.php?rest_route=\/wp\/v2\/media\/29543"}],"wp:attachment":[{"href":"https:\/\/resumenprovincial.com.ar\/index.php?rest_route=%2Fwp%2Fv2%2Fmedia&parent=29542"}],"wp:term":[{"taxonomy":"category","embeddable":true,"href":"https:\/\/resumenprovincial.com.ar\/index.php?rest_route=%2Fwp%2Fv2%2Fcategories&post=29542"},{"taxonomy":"post_tag","embeddable":true,"href":"https:\/\/resumenprovincial.com.ar\/index.php?rest_route=%2Fwp%2Fv2%2Ftags&post=29542"}],"curies":[{"name":"wp","href":"https:\/\/api.w.org\/{rel}","templated":true}]}}