{"id":29653,"date":"2026-03-11T10:24:15","date_gmt":"2026-03-11T13:24:15","guid":{"rendered":"https:\/\/resumenprovincial.com.ar\/?p=29653"},"modified":"2026-03-11T10:24:16","modified_gmt":"2026-03-11T13:24:16","slug":"la-guerra-en-medio-oriente-dispara-el-precio-del-petroleo-y-sacude-a-los-mercados-globales","status":"publish","type":"post","link":"https:\/\/resumenprovincial.com.ar\/?p=29653","title":{"rendered":"La guerra en Medio Oriente dispara el precio del petr\u00f3leo y sacude a los mercados globales"},"content":{"rendered":"\n<figure class=\"wp-block-image size-full\"><img loading=\"lazy\" decoding=\"async\" width=\"1000\" height=\"750\" src=\"https:\/\/resumenprovincial.com.ar\/wp-content\/uploads\/2026\/03\/1000651415.jpg\" alt=\"\" class=\"wp-image-29656\" srcset=\"https:\/\/resumenprovincial.com.ar\/wp-content\/uploads\/2026\/03\/1000651415.jpg 1000w, https:\/\/resumenprovincial.com.ar\/wp-content\/uploads\/2026\/03\/1000651415-300x225.jpg 300w, https:\/\/resumenprovincial.com.ar\/wp-content\/uploads\/2026\/03\/1000651415-768x576.jpg 768w\" sizes=\"auto, (max-width: 1000px) 100vw, 1000px\" \/><\/figure>\n\n\n\n<p>La escalada del conflicto en Medio Oriente vuelve a presionar al alza el precio del crudo y genera incertidumbre en los mercados internacionales. Analistas advierten sobre una posible volatilidad prolongada mientras organismos energ\u00e9ticos eval\u00faan medidas para estabilizar el mercado.<\/p>\n\n\n\n<p>Los precios del petr\u00f3leo volvieron a subir este mi\u00e9rcoles en los mercados internacionales, en medio de la creciente tensi\u00f3n geopol\u00edtica provocada por la guerra en Medio Oriente. La incertidumbre sobre el desarrollo del conflicto impacta directamente en el sector energ\u00e9tico y genera fuertes movimientos en los mercados financieros.<\/p>\n\n\n\n<p>El barril de West Texas Intermediate (WTI), referencia del mercado estadounidense, registr\u00f3 una suba superior al 2% y se ubic\u00f3 cerca de los 85 d\u00f3lares por barril. En tanto, el Brent del Mar del Norte, referencia internacional, avanz\u00f3 hasta rondar los 89 d\u00f3lares por barril, reflejando la preocupaci\u00f3n de los inversores por posibles interrupciones en el suministro energ\u00e9tico.<\/p>\n\n\n\n<p>La escalada del conflicto regional contin\u00faa condicionando el comportamiento de los mercados. Analistas financieros advierten que la volatilidad podr\u00eda mantenerse en las pr\u00f3ximas semanas, dependiendo de c\u00f3mo evolucione la situaci\u00f3n en Medio Oriente.<\/p>\n\n\n\n<p>El conflicto se intensific\u00f3 tras una serie de ataques y represalias entre distintas fuerzas involucradas en la regi\u00f3n, lo que encendi\u00f3 las alarmas sobre el posible impacto en rutas clave para el transporte de petr\u00f3leo, especialmente en zonas estrat\u00e9gicas como el Estrecho de Ormuz, por donde circula una parte significativa del suministro mundial de crudo.<\/p>\n\n\n\n<p><strong>Los mercados reaccionan con cautela<\/strong><\/p>\n\n\n\n<p>El aumento del precio del petr\u00f3leo tambi\u00e9n repercuti\u00f3 en los principales mercados burs\u00e1tiles del mundo. Las bolsas europeas iniciaron la jornada con ca\u00eddas generalizadas ante el clima de incertidumbre.<\/p>\n\n\n\n<p>Entre los principales indicadores, la bolsa de Par\u00eds registr\u00f3 retrocesos cercanos al 0,5%, mientras que Fr\u00e1ncfort cay\u00f3 m\u00e1s del 1%. En tanto, Londres, Madrid y Mil\u00e1n tambi\u00e9n mostraron p\u00e9rdidas moderadas en las primeras operaciones del d\u00eda.<\/p>\n\n\n\n<p>En Asia el comportamiento fue mixto. Los mercados de Hong Kong y Shangh\u00e1i cerraron con leves bajas, mientras que Tokio logr\u00f3 diferenciarse de la tendencia negativa y finaliz\u00f3 la jornada con una suba superior al 1%.<\/p>\n\n\n\n<p>Los inversores siguen con atenci\u00f3n cada novedad vinculada al conflicto, especialmente por su impacto potencial sobre el abastecimiento energ\u00e9tico global.<\/p>\n\n\n\n<figure class=\"wp-block-image size-large\"><img loading=\"lazy\" decoding=\"async\" width=\"1024\" height=\"512\" src=\"https:\/\/resumenprovincial.com.ar\/wp-content\/uploads\/2026\/03\/1000651419-1024x512.jpg\" alt=\"\" class=\"wp-image-29655\" srcset=\"https:\/\/resumenprovincial.com.ar\/wp-content\/uploads\/2026\/03\/1000651419-1024x512.jpg 1024w, https:\/\/resumenprovincial.com.ar\/wp-content\/uploads\/2026\/03\/1000651419-300x150.jpg 300w, https:\/\/resumenprovincial.com.ar\/wp-content\/uploads\/2026\/03\/1000651419-768x384.jpg 768w, https:\/\/resumenprovincial.com.ar\/wp-content\/uploads\/2026\/03\/1000651419.jpg 1200w\" sizes=\"auto, (max-width: 1024px) 100vw, 1024px\" \/><\/figure>\n\n\n\n<p><strong>Evaluan liberar reservas de petr\u00f3leo<\/strong><\/p>\n\n\n\n<p>Frente al aumento de los precios del crudo, la Agencia Internacional de Energ\u00eda (AIE) analiza la posibilidad de liberar reservas estrat\u00e9gicas para intentar contener la suba y estabilizar el mercado.<\/p>\n\n\n\n<p>Seg\u00fan trascendi\u00f3 en medios especializados, funcionarios energ\u00e9ticos de los pa\u00edses miembros del organismo mantuvieron reuniones de emergencia para evaluar una intervenci\u00f3n coordinada en el mercado.<\/p>\n\n\n\n<p>De concretarse, podr\u00eda tratarse de una de las mayores liberaciones de reservas estrat\u00e9gicas de la historia. Como antecedente reciente, en 2022 los pa\u00edses de la AIE liberaron m\u00e1s de 182 millones de barriles tras el fuerte aumento de precios provocado por la invasi\u00f3n rusa a Ucrania.<\/p>\n\n\n\n<p>Actualmente, el consumo mundial de petr\u00f3leo ronda los 100 millones de barriles diarios, mientras que los pa\u00edses miembros del organismo cuentan con m\u00e1s de 1.200 millones de barriles en reservas p\u00fablicas de emergencia, adem\u00e1s de importantes reservas industriales.<\/p>\n\n\n\n<p>La decisi\u00f3n final sobre una eventual liberaci\u00f3n de petr\u00f3leo podr\u00eda conocerse en las pr\u00f3ximas horas, en un contexto global marcado por la tensi\u00f3n geopol\u00edtica y la volatilidad en los mercados energ\u00e9ticos.<\/p>\n\n\n\n<p><strong><em>Fuente: Elonce \/ agencias internacionales<\/em><\/strong><\/p>\n","protected":false},"excerpt":{"rendered":"<p>La escalada del conflicto en Medio Oriente vuelve a presionar al alza el precio del crudo y genera incertidumbre en&hellip;<\/p>\n","protected":false},"author":2,"featured_media":29654,"comment_status":"closed","ping_status":"closed","sticky":false,"template":"","format":"standard","meta":{"footnotes":""},"categories":[48,12],"tags":[],"class_list":["post-29653","post","type-post","status-publish","format-standard","has-post-thumbnail","hentry","category-economia","category-internacionales"],"_links":{"self":[{"href":"https:\/\/resumenprovincial.com.ar\/index.php?rest_route=\/wp\/v2\/posts\/29653","targetHints":{"allow":["GET"]}}],"collection":[{"href":"https:\/\/resumenprovincial.com.ar\/index.php?rest_route=\/wp\/v2\/posts"}],"about":[{"href":"https:\/\/resumenprovincial.com.ar\/index.php?rest_route=\/wp\/v2\/types\/post"}],"author":[{"embeddable":true,"href":"https:\/\/resumenprovincial.com.ar\/index.php?rest_route=\/wp\/v2\/users\/2"}],"replies":[{"embeddable":true,"href":"https:\/\/resumenprovincial.com.ar\/index.php?rest_route=%2Fwp%2Fv2%2Fcomments&post=29653"}],"version-history":[{"count":1,"href":"https:\/\/resumenprovincial.com.ar\/index.php?rest_route=\/wp\/v2\/posts\/29653\/revisions"}],"predecessor-version":[{"id":29657,"href":"https:\/\/resumenprovincial.com.ar\/index.php?rest_route=\/wp\/v2\/posts\/29653\/revisions\/29657"}],"wp:featuredmedia":[{"embeddable":true,"href":"https:\/\/resumenprovincial.com.ar\/index.php?rest_route=\/wp\/v2\/media\/29654"}],"wp:attachment":[{"href":"https:\/\/resumenprovincial.com.ar\/index.php?rest_route=%2Fwp%2Fv2%2Fmedia&parent=29653"}],"wp:term":[{"taxonomy":"category","embeddable":true,"href":"https:\/\/resumenprovincial.com.ar\/index.php?rest_route=%2Fwp%2Fv2%2Fcategories&post=29653"},{"taxonomy":"post_tag","embeddable":true,"href":"https:\/\/resumenprovincial.com.ar\/index.php?rest_route=%2Fwp%2Fv2%2Ftags&post=29653"}],"curies":[{"name":"wp","href":"https:\/\/api.w.org\/{rel}","templated":true}]}}