{"id":29658,"date":"2026-03-11T10:43:19","date_gmt":"2026-03-11T13:43:19","guid":{"rendered":"https:\/\/resumenprovincial.com.ar\/?p=29658"},"modified":"2026-03-11T10:44:26","modified_gmt":"2026-03-11T13:44:26","slug":"hospitalizaron-a-camionero-tras-choque-multiple-sobre-ruta-14-en-el-sur-entrerriano","status":"publish","type":"post","link":"https:\/\/resumenprovincial.com.ar\/?p=29658","title":{"rendered":"Hospitalizaron a camionero tras choque m\u00faltiple sobre Ruta 14 en el sur entrerriano"},"content":{"rendered":"\n<p>Un choque m\u00faltiple ocurrido en el kil\u00f3metro 53 de la Ruta Nacional 14 involucr\u00f3 a cuatro veh\u00edculos. Un camionero fue trasladado al hospital con lesiones leves y el tr\u00e1nsito debi\u00f3 ser desviado mientras trabajaban los equipos de emergencia.<\/p>\n\n\n\n<p>Un\u00a0<strong>siniestro vial en la Ruta Nacional 14<\/strong>\u00a0involucr\u00f3 a dos camiones y dos veh\u00edculos durante la ma\u00f1ana de este mi\u00e9rcoles y dej\u00f3 como saldo un conductor hospitalizado, seg\u00fan informaron fuentes policiales. El accidente ocurri\u00f3 alrededor de las 7:45 en el kil\u00f3metro 53 de la autov\u00eda y gener\u00f3 importantes demoras en la circulaci\u00f3n.<\/p>\n\n\n\n<figure class=\"wp-block-image size-full is-resized\"><img loading=\"lazy\" decoding=\"async\" width=\"377\" height=\"385\" src=\"https:\/\/resumenprovincial.com.ar\/wp-content\/uploads\/2026\/03\/Screenshot_55.png\" alt=\"\" class=\"wp-image-29661\" style=\"width:840px;height:auto\" srcset=\"https:\/\/resumenprovincial.com.ar\/wp-content\/uploads\/2026\/03\/Screenshot_55.png 377w, https:\/\/resumenprovincial.com.ar\/wp-content\/uploads\/2026\/03\/Screenshot_55-294x300.png 294w\" sizes=\"auto, (max-width: 377px) 100vw, 377px\" \/><\/figure>\n\n\n\n<p><strong>C\u00f3mo ocurri\u00f3 el choque m\u00faltiple<\/strong><\/p>\n\n\n\n<p>De acuerdo con las primeras averiguaciones, un cami\u00f3n Iveco Hi-Way conducido por un hombre de 40 a\u00f1os oriundo de Venado Tuerto circulaba por la ruta en sentido sur\u2013norte. Por causas que se investigan, el conductor habr\u00eda perdido el control del rodado. En ese momento el veh\u00edculo se cruz\u00f3 de carril e invadi\u00f3 el sentido contrario de circulaci\u00f3n. Como consecuencia de esa maniobra impact\u00f3 contra la parte trasera izquierda de un autom\u00f3vil Renault Laguna.<\/p>\n\n\n\n<p>Tras el primer choque, el cami\u00f3n Iveco volc\u00f3 sobre la calzada. En esa posici\u00f3n fue posteriormente embestido en el semirremolque por una camioneta Toyota SW4. El veh\u00edculo era conducido por un hombre de 33 a\u00f1os domiciliado en San Vicente, Misiones, que viajaba acompa\u00f1ado por un hombre de 35 a\u00f1os de nacionalidad brasile\u00f1a.<\/p>\n\n\n\n<p>Adem\u00e1s, un cami\u00f3n Mercedes-Benz Actros que se encontraba estacionado en la zona tambi\u00e9n sufri\u00f3 roces como consecuencia del siniestro.<\/p>\n\n\n\n<figure class=\"wp-block-image size-full is-resized\"><img loading=\"lazy\" decoding=\"async\" width=\"447\" height=\"415\" src=\"https:\/\/resumenprovincial.com.ar\/wp-content\/uploads\/2026\/03\/Screenshot_56.png\" alt=\"\" class=\"wp-image-29660\" style=\"width:837px;height:auto\" srcset=\"https:\/\/resumenprovincial.com.ar\/wp-content\/uploads\/2026\/03\/Screenshot_56.png 447w, https:\/\/resumenprovincial.com.ar\/wp-content\/uploads\/2026\/03\/Screenshot_56-300x279.png 300w\" sizes=\"auto, (max-width: 447px) 100vw, 447px\" \/><\/figure>\n\n\n\n<h3 class=\"wp-block-heading\">Un conductor fue trasladado al hospital<\/h3>\n\n\n\n<p>El conductor del cami\u00f3n Iveco fue trasladado al hospital local para recibir atenci\u00f3n m\u00e9dica. Seg\u00fan los primeros datos presentaba un fuerte dolor en la pierna derecha, lesiones que fueron consideradas de car\u00e1cter leve.<\/p>\n\n\n\n<figure class=\"wp-block-image size-full is-resized\"><img loading=\"lazy\" decoding=\"async\" width=\"766\" height=\"508\" src=\"https:\/\/resumenprovincial.com.ar\/wp-content\/uploads\/2026\/03\/Screenshot_58-1.png\" alt=\"\" class=\"wp-image-29662\" style=\"width:840px;height:auto\" srcset=\"https:\/\/resumenprovincial.com.ar\/wp-content\/uploads\/2026\/03\/Screenshot_58-1.png 766w, https:\/\/resumenprovincial.com.ar\/wp-content\/uploads\/2026\/03\/Screenshot_58-1-300x199.png 300w\" sizes=\"auto, (max-width: 766px) 100vw, 766px\" \/><\/figure>\n\n\n\n<p>Los dem\u00e1s involucrados no habr\u00edan sufrido heridas de consideraci\u00f3n.<\/p>\n\n\n\n<p>Tras el accidente, personal policial y equipos de emergencia trabajaron en el lugar para ordenar la circulaci\u00f3n. El tr\u00e1nsito fue asistido y desviado por la colectora mientras se realizaban las tareas de peritaje y retiro de los veh\u00edculos.<\/p>\n\n\n\n<p>Las autoridades contin\u00faan investigando las causas que provocaron el siniestro vial.<\/p>\n\n\n\n<p><\/p>\n","protected":false},"excerpt":{"rendered":"<p>Un choque m&uacute;ltiple ocurrido en el kil&oacute;metro 53 de la Ruta Nacional 14 involucr&oacute; a cuatro veh&iacute;culos. Un camionero fue&hellip;<\/p>\n","protected":false},"author":2,"featured_media":29659,"comment_status":"closed","ping_status":"closed","sticky":false,"template":"","format":"standard","meta":{"footnotes":""},"categories":[36,54],"tags":[],"class_list":["post-29658","post","type-post","status-publish","format-standard","has-post-thumbnail","hentry","category-noticias-2","category-siniestro-vial"],"_links":{"self":[{"href":"https:\/\/resumenprovincial.com.ar\/index.php?rest_route=\/wp\/v2\/posts\/29658","targetHints":{"allow":["GET"]}}],"collection":[{"href":"https:\/\/resumenprovincial.com.ar\/index.php?rest_route=\/wp\/v2\/posts"}],"about":[{"href":"https:\/\/resumenprovincial.com.ar\/index.php?rest_route=\/wp\/v2\/types\/post"}],"author":[{"embeddable":true,"href":"https:\/\/resumenprovincial.com.ar\/index.php?rest_route=\/wp\/v2\/users\/2"}],"replies":[{"embeddable":true,"href":"https:\/\/resumenprovincial.com.ar\/index.php?rest_route=%2Fwp%2Fv2%2Fcomments&post=29658"}],"version-history":[{"count":1,"href":"https:\/\/resumenprovincial.com.ar\/index.php?rest_route=\/wp\/v2\/posts\/29658\/revisions"}],"predecessor-version":[{"id":29663,"href":"https:\/\/resumenprovincial.com.ar\/index.php?rest_route=\/wp\/v2\/posts\/29658\/revisions\/29663"}],"wp:featuredmedia":[{"embeddable":true,"href":"https:\/\/resumenprovincial.com.ar\/index.php?rest_route=\/wp\/v2\/media\/29659"}],"wp:attachment":[{"href":"https:\/\/resumenprovincial.com.ar\/index.php?rest_route=%2Fwp%2Fv2%2Fmedia&parent=29658"}],"wp:term":[{"taxonomy":"category","embeddable":true,"href":"https:\/\/resumenprovincial.com.ar\/index.php?rest_route=%2Fwp%2Fv2%2Fcategories&post=29658"},{"taxonomy":"post_tag","embeddable":true,"href":"https:\/\/resumenprovincial.com.ar\/index.php?rest_route=%2Fwp%2Fv2%2Ftags&post=29658"}],"curies":[{"name":"wp","href":"https:\/\/api.w.org\/{rel}","templated":true}]}}