{"id":29664,"date":"2026-03-11T11:10:35","date_gmt":"2026-03-11T14:10:35","guid":{"rendered":"https:\/\/resumenprovincial.com.ar\/?p=29664"},"modified":"2026-03-25T14:17:57","modified_gmt":"2026-03-25T17:17:57","slug":"israel-asegura-que-los-ataques-a-iran-continuaran-sin-limite-de-tiempo","status":"publish","type":"post","link":"https:\/\/resumenprovincial.com.ar\/?p=29664","title":{"rendered":"Israel asegura que los ataques a Ir\u00e1n continuar\u00e1n \u201csin l\u00edmite de tiempo\u201d"},"content":{"rendered":"\n<p>El ministro de Defensa israel\u00ed, Israel Katz, asegur\u00f3 que la ofensiva militar contra Ir\u00e1n continuar\u00e1 hasta alcanzar \u201ctodos los objetivos\u201d y lograr \u201cla victoria en la campa\u00f1a\u201d. Tambi\u00e9n sostuvo que los ataques continuar\u00e1n de manera sostenida contra objetivos estrat\u00e9gicos.<\/p>\n\n\n\n<p>El ministro israel\u00ed de Defensa, Israel Katz, asegur\u00f3 este mi\u00e9rcoles que la ofensiva militar de su pa\u00eds y Estados Unidos a Ir\u00e1n \u00abcontinuar\u00e1 sin l\u00edmite de tiempo\u00bb hasta que se logren \u00abtodos los objetivos\u00bb y se consiga \u00abla victoria en la campa\u00f1a\u00bb.<\/p>\n\n\n\n<figure class=\"wp-block-image size-full is-resized\"><img loading=\"lazy\" decoding=\"async\" width=\"618\" height=\"389\" src=\"https:\/\/resumenprovincial.com.ar\/wp-content\/uploads\/2026\/03\/Screenshot_60.png\" alt=\"\" class=\"wp-image-29665\" style=\"width:810px;height:auto\" srcset=\"https:\/\/resumenprovincial.com.ar\/wp-content\/uploads\/2026\/03\/Screenshot_60.png 618w, https:\/\/resumenprovincial.com.ar\/wp-content\/uploads\/2026\/03\/Screenshot_60-300x189.png 300w\" sizes=\"auto, (max-width: 618px) 100vw, 618px\" \/><\/figure>\n\n\n\n<p>\u00abSeguiremos actuando para aplastar al r\u00e9gimen y sus objetivos estrat\u00e9gicos en Teher\u00e1n y en todo Ir\u00e1n, d\u00eda tras d\u00eda, objetivo tras objetivo\u00bb, dijo el ministro en un discurso durante una evaluaci\u00f3n de la situaci\u00f3n junto con altos mandos militares remitido por su ministerio en un comunicado.<\/p>\n\n\n\n<p>Adem\u00e1s, reiter\u00f3 el mensaje del Gobierno israel\u00ed de que debe ser el pueblo iran\u00ed el que \u00abse levante, act\u00fae y derroque a este r\u00e9gimen\u00bb.<\/p>\n\n\n\n<p>\u00abEn \u00faltima instancia, depende de ellos\u00bb, insisti\u00f3. Katz afirm\u00f3 que \u00ablos l\u00edderes iran\u00edes supervivientes huyen como ratas hacia los t\u00faneles\u00bb, desde donde dijo que ordenan los ataques.<\/p>\n\n\n\n<p>El militar agreg\u00f3 que \u00ablas c\u00e1maras frigor\u00edficas de los hospitales iran\u00edes est\u00e1n llenas de miles de efectivos de la Guardia Revolucionaria y el Basij\u00bb, algo que, asegur\u00f3, se desconoce porque Ir\u00e1n controla la conexi\u00f3n a internet en el pa\u00eds, inform\u00f3 Clar\u00edn al asegurar que en su discurso, Katz compar\u00f3 a los l\u00edderes de la Rep\u00fablica Isl\u00e1mica con los de Ham\u00e1s en la Franja de Gaza, afirmando que est\u00e1n \u00abalineados\u00bb y que ambos se esconden en t\u00faneles.<\/p>\n\n\n\n<p><\/p>\n","protected":false},"excerpt":{"rendered":"<p>El ministro de Defensa israel&iacute;, Israel Katz, asegur&oacute; que la ofensiva militar contra Ir&aacute;n continuar&aacute; hasta alcanzar &ldquo;todos los objetivos&rdquo;&hellip;<\/p>\n","protected":false},"author":2,"featured_media":29666,"comment_status":"closed","ping_status":"closed","sticky":false,"template":"","format":"standard","meta":{"footnotes":""},"categories":[12],"tags":[84],"class_list":["post-29664","post","type-post","status-publish","format-standard","has-post-thumbnail","hentry","category-internacionales","tag-guerra"],"_links":{"self":[{"href":"https:\/\/resumenprovincial.com.ar\/index.php?rest_route=\/wp\/v2\/posts\/29664","targetHints":{"allow":["GET"]}}],"collection":[{"href":"https:\/\/resumenprovincial.com.ar\/index.php?rest_route=\/wp\/v2\/posts"}],"about":[{"href":"https:\/\/resumenprovincial.com.ar\/index.php?rest_route=\/wp\/v2\/types\/post"}],"author":[{"embeddable":true,"href":"https:\/\/resumenprovincial.com.ar\/index.php?rest_route=\/wp\/v2\/users\/2"}],"replies":[{"embeddable":true,"href":"https:\/\/resumenprovincial.com.ar\/index.php?rest_route=%2Fwp%2Fv2%2Fcomments&post=29664"}],"version-history":[{"count":1,"href":"https:\/\/resumenprovincial.com.ar\/index.php?rest_route=\/wp\/v2\/posts\/29664\/revisions"}],"predecessor-version":[{"id":29667,"href":"https:\/\/resumenprovincial.com.ar\/index.php?rest_route=\/wp\/v2\/posts\/29664\/revisions\/29667"}],"wp:featuredmedia":[{"embeddable":true,"href":"https:\/\/resumenprovincial.com.ar\/index.php?rest_route=\/wp\/v2\/media\/29666"}],"wp:attachment":[{"href":"https:\/\/resumenprovincial.com.ar\/index.php?rest_route=%2Fwp%2Fv2%2Fmedia&parent=29664"}],"wp:term":[{"taxonomy":"category","embeddable":true,"href":"https:\/\/resumenprovincial.com.ar\/index.php?rest_route=%2Fwp%2Fv2%2Fcategories&post=29664"},{"taxonomy":"post_tag","embeddable":true,"href":"https:\/\/resumenprovincial.com.ar\/index.php?rest_route=%2Fwp%2Fv2%2Ftags&post=29664"}],"curies":[{"name":"wp","href":"https:\/\/api.w.org\/{rel}","templated":true}]}}