{"id":29668,"date":"2026-03-11T12:27:12","date_gmt":"2026-03-11T15:27:12","guid":{"rendered":"https:\/\/resumenprovincial.com.ar\/?p=29668"},"modified":"2026-03-11T12:27:13","modified_gmt":"2026-03-11T15:27:13","slug":"comenzo-la-vacunacion-antigripal-en-entre-rios-cuales-son-los-grupos-prioritarios","status":"publish","type":"post","link":"https:\/\/resumenprovincial.com.ar\/?p=29668","title":{"rendered":"Comenz\u00f3 la vacunaci\u00f3n antigripal en Entre R\u00edos: cu\u00e1les son los grupos prioritarios"},"content":{"rendered":"\n<p>La campa\u00f1a de vacunaci\u00f3n antigripal 2026 comenz\u00f3 hoy en Entre R\u00edos y se desarrollar\u00e1 de manera escalonada. En esta primera etapa se vacunar\u00e1 a los grupos prioritarios: adultos mayores institucionalizados, embarazadas, pu\u00e9rperas, ni\u00f1os de 6 a 24 meses y personal de salud<\/p>\n\n\n\n<p>La\u00a0<strong>campa\u00f1a de vacunaci\u00f3n antigripal 2026 comenz\u00f3 este mi\u00e9rcoles en Entre R\u00edos<\/strong>, en sinton\u00eda con el inicio de la estrategia sanitaria a nivel nacional. La decisi\u00f3n de adelantar la campa\u00f1a tres semanas respecto al a\u00f1o pasado respondi\u00f3 al adelantamiento de la circulaci\u00f3n de virus respiratorios y a la aparici\u00f3n de una nueva variante de influenza A (H3N2), que presenta mayor capacidad de transmisi\u00f3n.<\/p>\n\n\n\n<p>En ese marco, el director de Epidemiolog\u00eda de la provincia,\u00a0<strong>Diego Garcilazo<\/strong>, explic\u00f3 a Elonce que el operativo sanitario se puso en marcha de manera simult\u00e1nea en todo el territorio entrerriano. \u201cOficialmente ya en toda la provincia, y tambi\u00e9n en todo el pa\u00eds, comenz\u00f3 esta vacunaci\u00f3n que es muy importante\u201d, se\u00f1al\u00f3 el funcionario.<\/p>\n\n\n\n<p>El especialista indic\u00f3 que la estrategia\u00a0se desarrollar\u00e1 de manera gradual, priorizando a los sectores m\u00e1s vulnerables. \u201cEste a\u00f1o tiene la particularidad de que la vacunaci\u00f3n se adelant\u00f3 por lo que ocurri\u00f3 en el hemisferio norte durante la \u00faltima temporada. Por eso comenzamos ahora en toda la provincia y, como todos los a\u00f1os,\u00a0<strong>la aplicaci\u00f3n ser\u00e1 escalonada, es decir que no se aplican todas las dosis de entrada sino que se priorizan los grupos considerados de mayor riesgo<\/strong>\u201d, detall\u00f3.<\/p>\n\n\n\n<figure class=\"wp-block-image size-full is-resized\"><img loading=\"lazy\" decoding=\"async\" width=\"620\" height=\"414\" src=\"https:\/\/resumenprovincial.com.ar\/wp-content\/uploads\/2026\/03\/Screenshot_62.png\" alt=\"\" class=\"wp-image-29676\" style=\"width:834px;height:auto\" srcset=\"https:\/\/resumenprovincial.com.ar\/wp-content\/uploads\/2026\/03\/Screenshot_62.png 620w, https:\/\/resumenprovincial.com.ar\/wp-content\/uploads\/2026\/03\/Screenshot_62-300x200.png 300w\" sizes=\"auto, (max-width: 620px) 100vw, 620px\" \/><\/figure>\n\n\n\n<h2 class=\"wp-block-heading\">Qui\u00e9nes integran los grupos prioritarios<\/h2>\n\n\n\n<p>Garcilazo precis\u00f3 que la primera etapa est\u00e1 destinada a personas mayores institucionalizadas, embarazadas, pu\u00e9rperas, ni\u00f1os peque\u00f1os y trabajadores del sistema sanitario. \u201c<strong>Primero se van a vacunar aquellas personas mayores que est\u00e9n institucionalizadas, ya sea en geri\u00e1tricos o en hospitales de larga estad\u00eda. Tambi\u00e9n las embarazadas y pu\u00e9rperas, los chicos de seis meses a 24 meses y el personal de salud, que consideramos el primer grupo de prioridad<\/strong>\u201d, explic\u00f3.<\/p>\n\n\n\n<p>Seg\u00fan indic\u00f3, el Ministerio de Salud provincial ya recibi\u00f3 un primer env\u00edo de vacunas para iniciar el operativo sanitario. \u201cNosotros recibimos alrededor del 30% de las dosis planificadas y, a medida que avance la campa\u00f1a, se ir\u00e1n incorporando m\u00e1s vacunas.&nbsp;<strong>Este a\u00f1o tenemos previsto aplicar entre 200.000 y 300.000 dosis<\/strong>\u201d, afirm\u00f3.<\/p>\n\n\n\n<p>Posteriormente, la vacunaci\u00f3n continuar\u00e1 con los adultos mayores y con personas que presentan enfermedades preexistentes. \u201cLuego sigue el grupo ambulatorio, es decir las personas mayores de 65 a\u00f1os que concurren a los servicios de salud, y el grupo m\u00e1s grande, que es el de personas de entre dos y 65 a\u00f1os que tienen enfermedades cr\u00f3nicas o condiciones que las convierten en grupo de riesgo, como patolog\u00edas card\u00edacas, pulmonares o deficiencias inmunol\u00f3gicas\u201d, detall\u00f3.<\/p>\n\n\n\n<h2 class=\"wp-block-heading\">Una vacuna actualizada frente a nuevas variantes<\/h2>\n\n\n\n<p>El director de Epidemiolog\u00eda explic\u00f3 que las vacunas que se aplicar\u00e1n durante la campa\u00f1a est\u00e1n actualizadas para cubrir las variantes que circulan actualmente del virus de la gripe. \u201cEn general estas vacunas cubren tres tipos de virus. El que m\u00e1s nos interesa en este momento es el H3N2, que fue el que sufri\u00f3 modificaciones durante la temporada anterior. Por eso la vacuna se adapt\u00f3 a esa nueva variante que est\u00e1 circulando\u201d, indic\u00f3.<\/p>\n\n\n\n<figure class=\"wp-block-image size-full is-resized\"><img loading=\"lazy\" decoding=\"async\" width=\"624\" height=\"414\" src=\"https:\/\/resumenprovincial.com.ar\/wp-content\/uploads\/2026\/03\/Screenshot_61.png\" alt=\"\" class=\"wp-image-29675\" style=\"width:820px;height:auto\" srcset=\"https:\/\/resumenprovincial.com.ar\/wp-content\/uploads\/2026\/03\/Screenshot_61.png 624w, https:\/\/resumenprovincial.com.ar\/wp-content\/uploads\/2026\/03\/Screenshot_61-300x199.png 300w\" sizes=\"auto, (max-width: 624px) 100vw, 624px\" \/><\/figure>\n\n\n\n<p>En ese sentido, Garcilazo remarc\u00f3 que la planificaci\u00f3n de la campa\u00f1a se realiza con anticipaci\u00f3n. \u201cNosotros planificamos esto con un a\u00f1o de antelaci\u00f3n. Las cantidades de dosis ya estaban previstas y la demanda despu\u00e9s depende mucho de la adhesi\u00f3n de la poblaci\u00f3n, especialmente en el grupo de personas entre dos y 65 a\u00f1os con factores de riesgo\u201d, sostuvo.<\/p>\n\n\n\n<p>El funcionario asegur\u00f3 que las vacunas est\u00e1n garantizadas para los grupos priorizados y record\u00f3 que se trata de una inmunizaci\u00f3n gratuita.&nbsp;<strong>\u201cLas dosis est\u00e1n aseguradas para los grupos de riesgo y la vacunaci\u00f3n es gratuita. Lo que vaya ocurriendo durante la campa\u00f1a depender\u00e1 de c\u00f3mo avance la demanda y del nivel de adhesi\u00f3n de la poblaci\u00f3n<\/strong>\u201d, se\u00f1al\u00f3.<\/p>\n\n\n\n<h2 class=\"wp-block-heading\">La importancia de vacunarse cada a\u00f1o<\/h2>\n\n\n\n<p>Garcilazo advirti\u00f3 que la gripe puede generar complicaciones graves, sobre todo durante los meses de invierno. \u201cLa gripe es una de las principales causas de internaci\u00f3n y muerte en invierno, especialmente por neumon\u00edas. Es un cuadro viral que en las personas de riesgo puede complicarse con infecciones bacterianas, requerir internaci\u00f3n o incluso terminar en terapia intensiva\u201d, explic\u00f3.<\/p>\n\n\n\n<p>En ese contexto, subray\u00f3 la importancia de la vacunaci\u00f3n anual. \u201cEs fundamental vacunarse todos los a\u00f1os. La vacuna se actualiza anualmente porque el virus cambia; por eso, haberse vacunado hace dos o tres a\u00f1os no brinda protecci\u00f3n suficiente. El objetivo principal de esta campa\u00f1a es evitar internaciones y cuadros graves\u201d, remarc\u00f3.<\/p>\n\n\n\n<p>Por su parte, la secretaria de Salud de Paran\u00e1,&nbsp;<strong>Claudia Enrique<\/strong>, confirm\u00f3 que el operativo tambi\u00e9n se implementa en la red municipal de salud. \u201cDesde la Secretar\u00eda de Salud Municipal comenzamos con la vacunaci\u00f3n de adultos mayores institucionalizados y personal de salud.&nbsp;Los seis centros de salud municipales ya est\u00e1n aplicando las dosis y entendemos que todos los efectores p\u00fablicos, tanto provinciales como municipales, estar\u00e1n participando de la campa\u00f1a\u201d, indic\u00f3.<\/p>\n\n\n\n<h2 class=\"wp-block-heading\">Vacunaci\u00f3n en toda la provincia<\/h2>\n\n\n\n<p>En tanto, la directora de Atenci\u00f3n Primaria de la Salud de Entre R\u00edos,&nbsp;<strong>Gladys Arosio<\/strong>, destac\u00f3 el trabajo log\u00edstico que permiti\u00f3 iniciar la campa\u00f1a en todo el territorio provincial. \u201cSe realiz\u00f3 un trabajo realmente digno de destacar para que hoy la vacunaci\u00f3n antigripal comience en todos los puntos de la provincia. Las vacunas ya est\u00e1n en los territorios y en los equipos locales de salud\u201d, expres\u00f3.<\/p>\n\n\n\n<p>La funcionaria explic\u00f3 que cada centro de salud organizar\u00e1 la estrategia de vacunaci\u00f3n de acuerdo con las caracter\u00edsticas de su comunidad. \u201cCada efector sanitario tendr\u00e1 sus din\u00e1micas de trabajo en funci\u00f3n de la estrategia de atenci\u00f3n primaria y de las caracter\u00edsticas de su poblaci\u00f3n\u201d, se\u00f1al\u00f3.<\/p>\n\n\n\n<p>Arosio tambi\u00e9n record\u00f3 que la vacunaci\u00f3n es gratuita y accesible para quienes integran los grupos contemplados en la campa\u00f1a. \u201cLas vacunas son seguras, gratuitas y las personas deben concurrir al centro de salud m\u00e1s cercano a su domicilio. Las 200.000 dosis previstas est\u00e1n destinadas a los grupos priorizados en la campa\u00f1a 2026, independientemente de si la persona tiene o no obra social\u201d, concluy\u00f3.<\/p>\n\n\n\n<p><strong><em>Fuente: ElOnce<\/em><\/strong><\/p>\n","protected":false},"excerpt":{"rendered":"<p>La campa&ntilde;a de vacunaci&oacute;n antigripal 2026 comenz&oacute; hoy en Entre R&iacute;os y se desarrollar&aacute; de manera escalonada. En esta primera&hellip;<\/p>\n","protected":false},"author":2,"featured_media":29677,"comment_status":"closed","ping_status":"closed","sticky":false,"template":"","format":"standard","meta":{"footnotes":""},"categories":[34,62],"tags":[],"class_list":["post-29668","post","type-post","status-publish","format-standard","has-post-thumbnail","hentry","category-provinciales","category-salud"],"_links":{"self":[{"href":"https:\/\/resumenprovincial.com.ar\/index.php?rest_route=\/wp\/v2\/posts\/29668","targetHints":{"allow":["GET"]}}],"collection":[{"href":"https:\/\/resumenprovincial.com.ar\/index.php?rest_route=\/wp\/v2\/posts"}],"about":[{"href":"https:\/\/resumenprovincial.com.ar\/index.php?rest_route=\/wp\/v2\/types\/post"}],"author":[{"embeddable":true,"href":"https:\/\/resumenprovincial.com.ar\/index.php?rest_route=\/wp\/v2\/users\/2"}],"replies":[{"embeddable":true,"href":"https:\/\/resumenprovincial.com.ar\/index.php?rest_route=%2Fwp%2Fv2%2Fcomments&post=29668"}],"version-history":[{"count":1,"href":"https:\/\/resumenprovincial.com.ar\/index.php?rest_route=\/wp\/v2\/posts\/29668\/revisions"}],"predecessor-version":[{"id":29678,"href":"https:\/\/resumenprovincial.com.ar\/index.php?rest_route=\/wp\/v2\/posts\/29668\/revisions\/29678"}],"wp:featuredmedia":[{"embeddable":true,"href":"https:\/\/resumenprovincial.com.ar\/index.php?rest_route=\/wp\/v2\/media\/29677"}],"wp:attachment":[{"href":"https:\/\/resumenprovincial.com.ar\/index.php?rest_route=%2Fwp%2Fv2%2Fmedia&parent=29668"}],"wp:term":[{"taxonomy":"category","embeddable":true,"href":"https:\/\/resumenprovincial.com.ar\/index.php?rest_route=%2Fwp%2Fv2%2Fcategories&post=29668"},{"taxonomy":"post_tag","embeddable":true,"href":"https:\/\/resumenprovincial.com.ar\/index.php?rest_route=%2Fwp%2Fv2%2Ftags&post=29668"}],"curies":[{"name":"wp","href":"https:\/\/api.w.org\/{rel}","templated":true}]}}