{"id":29669,"date":"2026-03-11T12:12:53","date_gmt":"2026-03-11T15:12:53","guid":{"rendered":"https:\/\/resumenprovincial.com.ar\/?p=29669"},"modified":"2026-03-25T14:00:25","modified_gmt":"2026-03-25T17:00:25","slug":"polemica-global-messi-perdio-mas-de-35-millones-de-seguidores-tras-foto-con-donald-trump","status":"publish","type":"post","link":"https:\/\/resumenprovincial.com.ar\/?p=29669","title":{"rendered":"POL\u00c9MICA GLOBAL MESSI PERDI\u00d3 M\u00c1S DE 35 MILLONES DE SEGUIDORES TRAS FOTO CON DONALD TRUMP"},"content":{"rendered":"\n<figure class=\"wp-block-image size-full\"><img loading=\"lazy\" decoding=\"async\" width=\"1000\" height=\"666\" src=\"https:\/\/resumenprovincial.com.ar\/wp-content\/uploads\/2026\/03\/1000651714.png\" alt=\"\" class=\"wp-image-29671\" srcset=\"https:\/\/resumenprovincial.com.ar\/wp-content\/uploads\/2026\/03\/1000651714.png 1000w, https:\/\/resumenprovincial.com.ar\/wp-content\/uploads\/2026\/03\/1000651714-300x200.png 300w, https:\/\/resumenprovincial.com.ar\/wp-content\/uploads\/2026\/03\/1000651714-768x511.png 768w\" sizes=\"auto, (max-width: 1000px) 100vw, 1000px\" \/><\/figure>\n\n\n\n<p><em><strong>\u00bfLa responsabilidad de Messi en tiempos de polarizaci\u00f3n?<\/strong><\/em><\/p>\n\n\n\n<p>La imagen del capit\u00e1n argentino junto al presidente de Estados Unidos desat\u00f3 una tormenta en redes sociales. En apenas 24 horas, la cuenta de Instagram de Lionel Messi habr\u00eda perdido m\u00e1s de 35 millones de seguidores, en una reacci\u00f3n masiva de usuarios de todo el mundo.<br><\/p>\n\n\n\n<p>La situaci\u00f3n gener\u00f3 indignaci\u00f3n entre miles de fan\u00e1ticos, especialmente entre j\u00f3venes que siempre vieron en Messi un ejemplo y una referencia dentro y fuera de la cancha.<br><\/p>\n\n\n\n<p>Desde distintos sectores tambi\u00e9n cuestionaron el contexto pol\u00edtico de la imagen, se\u00f1alando que Donald Trump suele utilizar este tipo de gestos para fortalecer su figura p\u00fablica, en medio de un escenario internacional marcado por tensiones y conflictos.<br><\/p>\n\n\n\n<p>Para muchos seguidores, el episodio representa un golpe simb\u00f3lico para la imagen del \u00eddolo argentino, que durante a\u00f1os construy\u00f3 un v\u00ednculo muy fuerte con millones de chicos alrededor del mundo.<\/p>\n\n\n\n<figure class=\"wp-block-image size-full\"><img loading=\"lazy\" decoding=\"async\" width=\"400\" height=\"300\" src=\"https:\/\/resumenprovincial.com.ar\/wp-content\/uploads\/2026\/03\/1000651726.webp\" alt=\"\" class=\"wp-image-29672\" srcset=\"https:\/\/resumenprovincial.com.ar\/wp-content\/uploads\/2026\/03\/1000651726.webp 400w, https:\/\/resumenprovincial.com.ar\/wp-content\/uploads\/2026\/03\/1000651726-300x225.webp 300w\" sizes=\"auto, (max-width: 400px) 100vw, 400px\" \/><\/figure>\n\n\n\n<figure class=\"wp-block-image size-full\"><img loading=\"lazy\" decoding=\"async\" width=\"447\" height=\"447\" src=\"https:\/\/resumenprovincial.com.ar\/wp-content\/uploads\/2026\/03\/1000651725.jpg\" alt=\"\" class=\"wp-image-29673\" srcset=\"https:\/\/resumenprovincial.com.ar\/wp-content\/uploads\/2026\/03\/1000651725.jpg 447w, https:\/\/resumenprovincial.com.ar\/wp-content\/uploads\/2026\/03\/1000651725-300x300.jpg 300w, https:\/\/resumenprovincial.com.ar\/wp-content\/uploads\/2026\/03\/1000651725-150x150.jpg 150w\" sizes=\"auto, (max-width: 447px) 100vw, 447px\" \/><\/figure>\n\n\n\n<p>Desde <strong><em>Resumen Provincial<\/em><\/strong>, entendemos que el Mundial en EE. UU. se vive con expectativa, pero no podemos dejar de lado la inquietud. Trump, conocido por sus t\u00e1cticas agresivas, ha sido se\u00f1alado una y otra vez como un hombre de doble filo. La foto no es solo un encuentro: es una se\u00f1al de poder, de influencia, y una carga que, quiz\u00e1s, Messi no imagin\u00f3 al aceptar el gesto. La sociedad digital, hoy, no perdona.<\/p>\n","protected":false},"excerpt":{"rendered":"<p>&iquest;La responsabilidad de Messi en tiempos de polarizaci&oacute;n? La imagen del capit&aacute;n argentino junto al presidente de Estados Unidos desat&oacute;&hellip;<\/p>\n","protected":false},"author":2,"featured_media":29670,"comment_status":"closed","ping_status":"closed","sticky":false,"template":"","format":"standard","meta":{"footnotes":""},"categories":[11,12],"tags":[70],"class_list":["post-29669","post","type-post","status-publish","format-standard","has-post-thumbnail","hentry","category-deportes","category-internacionales","tag-columna-de-opinion"],"_links":{"self":[{"href":"https:\/\/resumenprovincial.com.ar\/index.php?rest_route=\/wp\/v2\/posts\/29669","targetHints":{"allow":["GET"]}}],"collection":[{"href":"https:\/\/resumenprovincial.com.ar\/index.php?rest_route=\/wp\/v2\/posts"}],"about":[{"href":"https:\/\/resumenprovincial.com.ar\/index.php?rest_route=\/wp\/v2\/types\/post"}],"author":[{"embeddable":true,"href":"https:\/\/resumenprovincial.com.ar\/index.php?rest_route=\/wp\/v2\/users\/2"}],"replies":[{"embeddable":true,"href":"https:\/\/resumenprovincial.com.ar\/index.php?rest_route=%2Fwp%2Fv2%2Fcomments&post=29669"}],"version-history":[{"count":1,"href":"https:\/\/resumenprovincial.com.ar\/index.php?rest_route=\/wp\/v2\/posts\/29669\/revisions"}],"predecessor-version":[{"id":29674,"href":"https:\/\/resumenprovincial.com.ar\/index.php?rest_route=\/wp\/v2\/posts\/29669\/revisions\/29674"}],"wp:featuredmedia":[{"embeddable":true,"href":"https:\/\/resumenprovincial.com.ar\/index.php?rest_route=\/wp\/v2\/media\/29670"}],"wp:attachment":[{"href":"https:\/\/resumenprovincial.com.ar\/index.php?rest_route=%2Fwp%2Fv2%2Fmedia&parent=29669"}],"wp:term":[{"taxonomy":"category","embeddable":true,"href":"https:\/\/resumenprovincial.com.ar\/index.php?rest_route=%2Fwp%2Fv2%2Fcategories&post=29669"},{"taxonomy":"post_tag","embeddable":true,"href":"https:\/\/resumenprovincial.com.ar\/index.php?rest_route=%2Fwp%2Fv2%2Ftags&post=29669"}],"curies":[{"name":"wp","href":"https:\/\/api.w.org\/{rel}","templated":true}]}}