{"id":29683,"date":"2026-03-11T13:42:56","date_gmt":"2026-03-11T16:42:56","guid":{"rendered":"https:\/\/resumenprovincial.com.ar\/?p=29683"},"modified":"2026-03-11T13:45:46","modified_gmt":"2026-03-11T16:45:46","slug":"drastica-decision-padres-de-una-escuela-de-concordia-no-envian-sus-hijos-a-clase-por-el-estado-del-edificio","status":"publish","type":"post","link":"https:\/\/resumenprovincial.com.ar\/?p=29683","title":{"rendered":"Dr\u00e1stica decisi\u00f3n en Magnasco: padres no env\u00edan a sus hijos a la escuela por el estado del edificio"},"content":{"rendered":"\n<p>La comunidad educativa de la Escuela Secundaria N\u00b0 32 de Osvaldo Magnasco ha profundizado su plan de lucha tras el inicio del ciclo lectivo 2026. En una asamblea masiva, padres, docentes y alumnos ratificaron que el edificio no garantiza las condiciones m\u00ednimas para el dictado de clases, denunciando una \u00abfalta de respuestas concretas\u00bb por parte de las autoridades provinciales.<\/p>\n\n\n\n<p><strong>Medida de fuerza: unanimidad ante el riesgo<\/strong><\/p>\n\n\n\n<p>Durante los primeros d\u00edas de marzo, a trav\u00e9s de una reuni\u00f3n de car\u00e1cter informativo y resolutivo, las familias de los estudiantes tomaron una determinaci\u00f3n dr\u00e1stica: suspender la asistencia de los alumnos al establecimiento. La moci\u00f3n fue aprobada por unanimidad bajo el argumento de que \u00abno est\u00e1n dadas las condiciones de seguridad\u00bb para permanecer dentro de la instituci\u00f3n.<\/p>\n\n\n\n<p>El conflicto, que incluy\u00f3 un abrazo simb\u00f3lico al edificio y una movilizaci\u00f3n a la Direcci\u00f3n Departamental de Escuelas el pasado lunes 9 de marzo, tendr\u00e1 un nuevo hito este mi\u00e9rcoles 11 de marzo. Ese d\u00eda, junto a representantes de AGMER Concordia, se llevar\u00e1 a cabo una nueva asamblea para evaluar si hubo avances en las gestiones o si se recrudecen las medidas.<\/p>\n\n\n\n<p><strong>Ausencia de autoridades y reclamos deso\u00eddos<\/strong><\/p>\n\n\n\n<p>Uno de los puntos de mayor malestar entre los vecinos de Magnasco fue la ausencia de funcionarios de la Direcci\u00f3n Departamental de Escuelas en las reuniones convocadas en el barrio. Seg\u00fan expresaron desde la comunidad educativa, las autoridades \u00abno se acercaron a escuchar demandas ni a proponer soluciones, tal como les asiste su rol\u00bb.<\/p>\n\n\n\n<p>Por su parte, el director de la Departamental, Jos\u00e9 Luis Ferrari, reconoci\u00f3 las falencias existentes aunque intent\u00f3 llevar calma mencionando trabajos realizados durante el receso de verano. \u201cSabemos que, de cara al inicio del ciclo lectivo, hay mucho por hacer ac\u00e1 en la ciudad de Concordia\u201d, admiti\u00f3 el funcionario, quien adem\u00e1s proyect\u00f3 que \u201cen el curso de este a\u00f1o, se ir\u00e1n dando m\u00e1s inicios de obras\u201d.<\/p>\n\n\n\n<p><strong>Principales falencias denunciadas<\/strong><\/p>\n\n\n\n<p>El reclamo de la Secundaria N\u00b0 32 no es aislado, sino que se enmarca en un contexto de recrudecimiento del conflicto docente con manifestaciones en diversos puntos de la provincia de Entre R\u00edos. En el caso puntual de Magnasco, los puntos cr\u00edticos se\u00f1alados son:<\/p>\n\n\n\n<p><em>M\u00faltiples falencias edilicias que dificultan el proceso de ense\u00f1anza-aprendizaje.<\/em><\/p>\n\n\n\n<p>Riesgos estructurales que comprometen la integridad f\u00edsica de la comunidad.<\/p>\n\n\n\n<p>Necesidad de un plan de obras urgente que exceda el mantenimiento b\u00e1sico.<\/p>\n\n\n\n<p>El director de la Departamental de Escuelas, Jos\u00e9 Luis Ferrari, puntualiz\u00f3 algunos de los trabajos encarados durante el receso, a la par que admiti\u00f3: \u201csabemos que, de cara al inicio del ciclo lectivo, hay mucho por hacer ac\u00e1 en la ciudad de Concordia, pero se vienen ejecutando obras y creo que, en el curso de este a\u00f1o, se ir\u00e1n dando m\u00e1s inicios de obras\u201d.<\/p>\n\n\n\n<p><strong><em>Fuente: Diario R\u00edo Uruguay &#8211; El Entre R\u00edos<\/em><\/strong><\/p>\n","protected":false},"excerpt":{"rendered":"<p>La comunidad educativa de la Escuela Secundaria N&deg; 32 de Osvaldo Magnasco ha profundizado su plan de lucha tras el&hellip;<\/p>\n","protected":false},"author":2,"featured_media":29684,"comment_status":"closed","ping_status":"closed","sticky":false,"template":"","format":"standard","meta":{"footnotes":""},"categories":[45,34],"tags":[],"class_list":["post-29683","post","type-post","status-publish","format-standard","has-post-thumbnail","hentry","category-educacion","category-provinciales"],"_links":{"self":[{"href":"https:\/\/resumenprovincial.com.ar\/index.php?rest_route=\/wp\/v2\/posts\/29683","targetHints":{"allow":["GET"]}}],"collection":[{"href":"https:\/\/resumenprovincial.com.ar\/index.php?rest_route=\/wp\/v2\/posts"}],"about":[{"href":"https:\/\/resumenprovincial.com.ar\/index.php?rest_route=\/wp\/v2\/types\/post"}],"author":[{"embeddable":true,"href":"https:\/\/resumenprovincial.com.ar\/index.php?rest_route=\/wp\/v2\/users\/2"}],"replies":[{"embeddable":true,"href":"https:\/\/resumenprovincial.com.ar\/index.php?rest_route=%2Fwp%2Fv2%2Fcomments&post=29683"}],"version-history":[{"count":2,"href":"https:\/\/resumenprovincial.com.ar\/index.php?rest_route=\/wp\/v2\/posts\/29683\/revisions"}],"predecessor-version":[{"id":29686,"href":"https:\/\/resumenprovincial.com.ar\/index.php?rest_route=\/wp\/v2\/posts\/29683\/revisions\/29686"}],"wp:featuredmedia":[{"embeddable":true,"href":"https:\/\/resumenprovincial.com.ar\/index.php?rest_route=\/wp\/v2\/media\/29684"}],"wp:attachment":[{"href":"https:\/\/resumenprovincial.com.ar\/index.php?rest_route=%2Fwp%2Fv2%2Fmedia&parent=29683"}],"wp:term":[{"taxonomy":"category","embeddable":true,"href":"https:\/\/resumenprovincial.com.ar\/index.php?rest_route=%2Fwp%2Fv2%2Fcategories&post=29683"},{"taxonomy":"post_tag","embeddable":true,"href":"https:\/\/resumenprovincial.com.ar\/index.php?rest_route=%2Fwp%2Fv2%2Ftags&post=29683"}],"curies":[{"name":"wp","href":"https:\/\/api.w.org\/{rel}","templated":true}]}}