{"id":29687,"date":"2026-03-11T14:18:36","date_gmt":"2026-03-11T17:18:36","guid":{"rendered":"https:\/\/resumenprovincial.com.ar\/?p=29687"},"modified":"2026-03-11T14:18:37","modified_gmt":"2026-03-11T17:18:37","slug":"entre-rios-tiene-la-tasa-de-suicidios-mas-alta-del-pais-y-estudiantes-piden-declarar-la-emergencia-en-salud-mental","status":"publish","type":"post","link":"https:\/\/resumenprovincial.com.ar\/?p=29687","title":{"rendered":"Entre R\u00edos tiene la tasa de suicidios m\u00e1s alta del pa\u00eds y estudiantes piden declarar la emergencia en salud mental"},"content":{"rendered":"\n<p>La provincia de Entre R\u00edos enfrenta una situaci\u00f3n alarmante en materia de salud mental. Seg\u00fan datos recientes, registra la tasa de suicidios m\u00e1s alta de la Argentina, con un impacto particularmente fuerte entre adolescentes y j\u00f3venes.<br><\/p>\n\n\n\n<p>Ante este escenario, estudiantes entrerrianos impulsaron un proyecto para declarar la emergencia sanitaria en salud mental, con el objetivo de reforzar las pol\u00edticas p\u00fablicas de prevenci\u00f3n, ampliar la atenci\u00f3n en hospitales y mejorar los canales de ayuda para quienes atraviesan situaciones cr\u00edticas.<br><\/p>\n\n\n\n<p>Un proyecto impulsado por estudiantes<br>La iniciativa surgi\u00f3 en el marco del programa provincial Senado Juvenil, una instancia educativa donde estudiantes de escuelas secundarias de toda la provincia elaboran anteproyectos legislativos.<br><\/p>\n\n\n\n<p>Durante la edici\u00f3n 2025 del programa, un fen\u00f3meno llam\u00f3 la atenci\u00f3n de los jurados: la gran mayor\u00eda de los proyectos presentados abordaban la crisis de salud mental y la prevenci\u00f3n del suicidio.<br><\/p>\n\n\n\n<p>\u201cEn la instancia departamental se presentaron 28 proyectos y 20 de ellos estaban relacionados con el suicidio\u201d, explic\u00f3 Antonella Mart\u00ednez, una de las autoras de la propuesta que represent\u00f3 al departamento Col\u00f3n.<br><\/p>\n\n\n\n<p>El proyecto fue elaborado por Mart\u00ednez junto a sus compa\u00f1eros Axel Ben\u00edtez y Ashley Viollaz, estudiantes del Instituto Comercial Privado Almafuerte de Villa Elisa, con el acompa\u00f1amiento de las docentes Natalia Gorosito y Evangelina Bracco.<br><\/p>\n\n\n\n<p>La iniciativa propone declarar la Emergencia Sanitaria en Salud Mental en Entre R\u00edos por un per\u00edodo de 12 meses, con el objetivo de fortalecer las pol\u00edticas de prevenci\u00f3n del suicidio.<br><\/p>\n\n\n\n<p>El proyecto fue aprobado por mayor\u00eda en el Senado provincial y se encuentra desde noviembre de 2025 a la espera de la firma del Poder Ejecutivo.<br><\/p>\n\n\n\n<p><strong>Una problem\u00e1tica que preocupa a los j\u00f3venes<\/strong><\/p>\n\n\n\n<p><br>La propuesta de los estudiantes surgi\u00f3 tras varios casos recientes que impactaron profundamente en la comunidad educativa.<br>Uno de ellos fue el suicidio de Lorena Lovera, directora de una instituci\u00f3n educativa de San Jos\u00e9, ocurrido en mayo de 2025.<br><\/p>\n\n\n\n<p>\u201cEl hecho nos conmovi\u00f3 porque no fue un caso aislado, sino una noticia que se repet\u00eda\u201d, se\u00f1alaron los estudiantes en el documento presentado ante el Senado.<br><\/p>\n\n\n\n<p>Durante la elaboraci\u00f3n del proyecto, los j\u00f3venes realizaron adem\u00e1s un relevamiento entre vecinos de la zona. <\/p>\n\n\n\n<p>De las 339 personas consultadas, el 60,8% manifest\u00f3 haber estado afectado de manera cercana por el suicidio de alg\u00fan familiar, amigo o conocido.<br><\/p>\n\n\n\n<p>Una tasa que duplica la media nacional<br>Dentro de un panorama ya preocupante a nivel nacional, el caso de Entre R\u00edos resulta especialmente cr\u00edtico.<br><\/p>\n\n\n\n<p>La provincia registra una tasa de 19,8 suicidios cada 100.000 habitantes, cifra que duplica la media nacional, estimada en 9,8.<br><\/p>\n\n\n\n<p><strong><em>Adem\u00e1s, la tendencia viene en aumento:<br>2023: 18,8 suicidios cada 100.000 habitantes<br><\/em><\/strong><\/p>\n\n\n\n<p><strong><em>2024: 19,8 suicidios cada 100.000 habitantes<br><\/em><\/strong><\/p>\n\n\n\n<p><strong><em>Seg\u00fan datos oficiales, solo en enero de 2026 se registraron 28 suicidios en 31 d\u00edas en la provincia.<\/em><\/strong><br><\/p>\n\n\n\n<p>Esta situaci\u00f3n mantiene en alerta a las autoridades sanitarias y a los especialistas en salud mental.<br><\/p>\n\n\n\n<p><strong>Las medidas impulsadas por el gobierno provincial<\/strong><br><\/p>\n\n\n\n<p>Ante el incremento de casos, el gobierno entrerriano dispuso fortalecer el Programa Provincial de Prevenci\u00f3n del Suicidio y jerarquizar la estructura de la Direcci\u00f3n de Salud Mental.<br><\/p>\n\n\n\n<p>Entre las medidas implementadas se encuentra la l\u00ednea telef\u00f3nica 135, un servicio gratuito y confidencial que funciona las 24 horas para brindar asistencia a personas en crisis.<br><\/p>\n\n\n\n<p>El presidente de la C\u00e1mara de Diputados de Entre R\u00edos, Gustavo Hein, confirm\u00f3 que el Poder Ejecutivo est\u00e1 al tanto del proyecto presentado por los estudiantes.<br><\/p>\n\n\n\n<p>El funcionario destac\u00f3 que durante 2025 se realizaron m\u00e1s de 80 intervenciones territoriales con mesas de di\u00e1logo en distintas localidades y anticip\u00f3 que el gobierno busca incrementar el presupuesto destinado a salud mental.<br><\/p>\n\n\n\n<p>Tambi\u00e9n adelant\u00f3 que se analiza la creaci\u00f3n de una residencia m\u00e9dica en psiquiatr\u00eda en el Hospital Escuela de Paran\u00e1, con el objetivo de formar profesionales especializados dentro de la provincia.<br><\/p>\n\n\n\n<p><strong>Reclamos por mayor atenci\u00f3n en el sistema p\u00fablico<br><\/strong><\/p>\n\n\n\n<p>Desde el \u00e1mbito educativo advierten que las acciones actuales todav\u00eda no alcanzan para enfrentar la problem\u00e1tica.<br><\/p>\n\n\n\n<p>Uno de los principales reclamos es la falta de profesionales en el sistema p\u00fablico. En algunas localidades entrerrianas, conseguir un turno con psic\u00f3logo o psiquiatra puede demorar hasta seis meses.<br><\/p>\n\n\n\n<p>Por este motivo, los estudiantes que impulsaron el proyecto insisten en la necesidad de declarar la emergencia sanitaria para reforzar la capacidad de atenci\u00f3n del sistema p\u00fablico de salud.<br><\/p>\n\n\n\n<p>\u201cLa decisi\u00f3n de quitarse la vida es multicausal y compleja de abordar, pero eso no significa que no se pueda hacer m\u00e1s. Todos podemos hacer algo\u201d, se\u00f1alaron en el documento presentado ante la Legislatura.<\/p>\n","protected":false},"excerpt":{"rendered":"<p>La provincia de Entre R&iacute;os enfrenta una situaci&oacute;n alarmante en materia de salud mental. Seg&uacute;n datos recientes, registra la tasa&hellip;<\/p>\n","protected":false},"author":2,"featured_media":29688,"comment_status":"closed","ping_status":"closed","sticky":false,"template":"","format":"standard","meta":{"footnotes":""},"categories":[34,62],"tags":[],"class_list":["post-29687","post","type-post","status-publish","format-standard","has-post-thumbnail","hentry","category-provinciales","category-salud"],"_links":{"self":[{"href":"https:\/\/resumenprovincial.com.ar\/index.php?rest_route=\/wp\/v2\/posts\/29687","targetHints":{"allow":["GET"]}}],"collection":[{"href":"https:\/\/resumenprovincial.com.ar\/index.php?rest_route=\/wp\/v2\/posts"}],"about":[{"href":"https:\/\/resumenprovincial.com.ar\/index.php?rest_route=\/wp\/v2\/types\/post"}],"author":[{"embeddable":true,"href":"https:\/\/resumenprovincial.com.ar\/index.php?rest_route=\/wp\/v2\/users\/2"}],"replies":[{"embeddable":true,"href":"https:\/\/resumenprovincial.com.ar\/index.php?rest_route=%2Fwp%2Fv2%2Fcomments&post=29687"}],"version-history":[{"count":1,"href":"https:\/\/resumenprovincial.com.ar\/index.php?rest_route=\/wp\/v2\/posts\/29687\/revisions"}],"predecessor-version":[{"id":29689,"href":"https:\/\/resumenprovincial.com.ar\/index.php?rest_route=\/wp\/v2\/posts\/29687\/revisions\/29689"}],"wp:featuredmedia":[{"embeddable":true,"href":"https:\/\/resumenprovincial.com.ar\/index.php?rest_route=\/wp\/v2\/media\/29688"}],"wp:attachment":[{"href":"https:\/\/resumenprovincial.com.ar\/index.php?rest_route=%2Fwp%2Fv2%2Fmedia&parent=29687"}],"wp:term":[{"taxonomy":"category","embeddable":true,"href":"https:\/\/resumenprovincial.com.ar\/index.php?rest_route=%2Fwp%2Fv2%2Fcategories&post=29687"},{"taxonomy":"post_tag","embeddable":true,"href":"https:\/\/resumenprovincial.com.ar\/index.php?rest_route=%2Fwp%2Fv2%2Ftags&post=29687"}],"curies":[{"name":"wp","href":"https:\/\/api.w.org\/{rel}","templated":true}]}}