{"id":29690,"date":"2026-03-11T16:03:50","date_gmt":"2026-03-11T19:03:50","guid":{"rendered":"https:\/\/resumenprovincial.com.ar\/?p=29690"},"modified":"2026-03-11T16:03:50","modified_gmt":"2026-03-11T19:03:50","slug":"el-cruce-entre-gregorio-dalbon-y-karina-milei-tras-la-declaracion-de-toviggino","status":"publish","type":"post","link":"https:\/\/resumenprovincial.com.ar\/?p=29690","title":{"rendered":"El cruce entre Gregorio Dalb\u00f3n y Karina Milei tras la declaraci\u00f3n de Toviggino"},"content":{"rendered":"\n<p>En el marco de la causa AFA-ARCA, el abogado de la AFA, Gregorio Dalb\u00f3n, apunt\u00f3 contra funcionarios del gobierno, mientras la hermana del presidente, Karina Milei, sali\u00f3 a responderle. La pol\u00e9mica escal\u00f3 y la discusi\u00f3n se centra en si la causa se resolver\u00e1 en la justicia o en el \u00e1mbito pol\u00edtico.<\/p>\n\n\n\n<figure class=\"wp-block-image size-full\"><img loading=\"lazy\" decoding=\"async\" width=\"720\" height=\"900\" src=\"https:\/\/resumenprovincial.com.ar\/wp-content\/uploads\/2026\/03\/1000651965.jpg\" alt=\"\" class=\"wp-image-29692\" srcset=\"https:\/\/resumenprovincial.com.ar\/wp-content\/uploads\/2026\/03\/1000651965.jpg 720w, https:\/\/resumenprovincial.com.ar\/wp-content\/uploads\/2026\/03\/1000651965-240x300.jpg 240w\" sizes=\"auto, (max-width: 720px) 100vw, 720px\" \/><\/figure>\n\n\n\n<figure class=\"wp-block-image size-full\"><img loading=\"lazy\" decoding=\"async\" width=\"720\" height=\"900\" src=\"https:\/\/resumenprovincial.com.ar\/wp-content\/uploads\/2026\/03\/1000651966.jpg\" alt=\"\" class=\"wp-image-29693\" srcset=\"https:\/\/resumenprovincial.com.ar\/wp-content\/uploads\/2026\/03\/1000651966.jpg 720w, https:\/\/resumenprovincial.com.ar\/wp-content\/uploads\/2026\/03\/1000651966-240x300.jpg 240w\" sizes=\"auto, (max-width: 720px) 100vw, 720px\" \/><\/figure>\n\n\n\n<figure class=\"wp-block-image size-full\"><img loading=\"lazy\" decoding=\"async\" width=\"720\" height=\"900\" src=\"https:\/\/resumenprovincial.com.ar\/wp-content\/uploads\/2026\/03\/1000651967.jpg\" alt=\"\" class=\"wp-image-29694\" srcset=\"https:\/\/resumenprovincial.com.ar\/wp-content\/uploads\/2026\/03\/1000651967.jpg 720w, https:\/\/resumenprovincial.com.ar\/wp-content\/uploads\/2026\/03\/1000651967-240x300.jpg 240w\" sizes=\"auto, (max-width: 720px) 100vw, 720px\" \/><\/figure>\n\n\n\n<figure class=\"wp-block-image size-full\"><img loading=\"lazy\" decoding=\"async\" width=\"720\" height=\"900\" src=\"https:\/\/resumenprovincial.com.ar\/wp-content\/uploads\/2026\/03\/1000651968.jpg\" alt=\"\" class=\"wp-image-29695\" srcset=\"https:\/\/resumenprovincial.com.ar\/wp-content\/uploads\/2026\/03\/1000651968.jpg 720w, https:\/\/resumenprovincial.com.ar\/wp-content\/uploads\/2026\/03\/1000651968-240x300.jpg 240w\" sizes=\"auto, (max-width: 720px) 100vw, 720px\" \/><\/figure>\n\n\n\n<figure class=\"wp-block-image size-full\"><img loading=\"lazy\" decoding=\"async\" width=\"720\" height=\"900\" src=\"https:\/\/resumenprovincial.com.ar\/wp-content\/uploads\/2026\/03\/1000651969.jpg\" alt=\"\" class=\"wp-image-29696\" srcset=\"https:\/\/resumenprovincial.com.ar\/wp-content\/uploads\/2026\/03\/1000651969.jpg 720w, https:\/\/resumenprovincial.com.ar\/wp-content\/uploads\/2026\/03\/1000651969-240x300.jpg 240w\" sizes=\"auto, (max-width: 720px) 100vw, 720px\" \/><\/figure>\n\n\n\n<figure class=\"wp-block-image size-full\"><img loading=\"lazy\" decoding=\"async\" width=\"720\" height=\"900\" src=\"https:\/\/resumenprovincial.com.ar\/wp-content\/uploads\/2026\/03\/1000651970.jpg\" alt=\"\" class=\"wp-image-29697\" srcset=\"https:\/\/resumenprovincial.com.ar\/wp-content\/uploads\/2026\/03\/1000651970.jpg 720w, https:\/\/resumenprovincial.com.ar\/wp-content\/uploads\/2026\/03\/1000651970-240x300.jpg 240w\" sizes=\"auto, (max-width: 720px) 100vw, 720px\" \/><\/figure>\n","protected":false},"excerpt":{"rendered":"<p>En el marco de la causa AFA-ARCA, el abogado de la AFA, Gregorio Dalb&oacute;n, apunt&oacute; contra funcionarios del gobierno, mientras&hellip;<\/p>\n","protected":false},"author":2,"featured_media":29691,"comment_status":"closed","ping_status":"closed","sticky":false,"template":"","format":"standard","meta":{"footnotes":""},"categories":[11,59,37],"tags":[],"class_list":["post-29690","post","type-post","status-publish","format-standard","has-post-thumbnail","hentry","category-deportes","category-justicia","category-politica"],"_links":{"self":[{"href":"https:\/\/resumenprovincial.com.ar\/index.php?rest_route=\/wp\/v2\/posts\/29690","targetHints":{"allow":["GET"]}}],"collection":[{"href":"https:\/\/resumenprovincial.com.ar\/index.php?rest_route=\/wp\/v2\/posts"}],"about":[{"href":"https:\/\/resumenprovincial.com.ar\/index.php?rest_route=\/wp\/v2\/types\/post"}],"author":[{"embeddable":true,"href":"https:\/\/resumenprovincial.com.ar\/index.php?rest_route=\/wp\/v2\/users\/2"}],"replies":[{"embeddable":true,"href":"https:\/\/resumenprovincial.com.ar\/index.php?rest_route=%2Fwp%2Fv2%2Fcomments&post=29690"}],"version-history":[{"count":1,"href":"https:\/\/resumenprovincial.com.ar\/index.php?rest_route=\/wp\/v2\/posts\/29690\/revisions"}],"predecessor-version":[{"id":29698,"href":"https:\/\/resumenprovincial.com.ar\/index.php?rest_route=\/wp\/v2\/posts\/29690\/revisions\/29698"}],"wp:featuredmedia":[{"embeddable":true,"href":"https:\/\/resumenprovincial.com.ar\/index.php?rest_route=\/wp\/v2\/media\/29691"}],"wp:attachment":[{"href":"https:\/\/resumenprovincial.com.ar\/index.php?rest_route=%2Fwp%2Fv2%2Fmedia&parent=29690"}],"wp:term":[{"taxonomy":"category","embeddable":true,"href":"https:\/\/resumenprovincial.com.ar\/index.php?rest_route=%2Fwp%2Fv2%2Fcategories&post=29690"},{"taxonomy":"post_tag","embeddable":true,"href":"https:\/\/resumenprovincial.com.ar\/index.php?rest_route=%2Fwp%2Fv2%2Ftags&post=29690"}],"curies":[{"name":"wp","href":"https:\/\/api.w.org\/{rel}","templated":true}]}}