{"id":29713,"date":"2026-03-13T07:43:02","date_gmt":"2026-03-13T10:43:02","guid":{"rendered":"https:\/\/resumenprovincial.com.ar\/?p=29713"},"modified":"2026-03-25T14:06:02","modified_gmt":"2026-03-25T17:06:02","slug":"causa-libra-revelan-que-novelli-llamo-cinco-veces-a-milei-antes-del-tuit-del-presidente","status":"publish","type":"post","link":"https:\/\/resumenprovincial.com.ar\/?p=29713","title":{"rendered":"Causa $LIBRA: revelan que Novelli llam\u00f3 cinco veces a Milei antes del tuit del Presidente"},"content":{"rendered":"\n<p>Un informe incorporado al expediente judicial indic\u00f3 que el empresario Mauricio Novelli habr\u00eda realizado varias llamadas a Javier Milei minutos antes del mensaje en redes que promocion\u00f3 la criptomoneda $LIBRA. La Justicia analiza si existi\u00f3 coordinaci\u00f3n previa en la difusi\u00f3n del proyecto.<\/p>\n\n\n\n<p>Un informe incorporado a la causa judicial se\u00f1ala que el empresario habr\u00eda intentado comunicarse varias veces con el jefe de Estado minutos antes del mensaje que promocion\u00f3 el token. La investigaci\u00f3n analiza si existi\u00f3 coordinaci\u00f3n previa en la difusi\u00f3n del proyecto.<\/p>\n\n\n\n<p>Las pericias realizadas al tel\u00e9fono del trader&nbsp;<strong>Mauricio Novelli<\/strong>, vinculado al&nbsp;<strong>lanzamiento de la criptomoneda $LIBRA<\/strong>, revelaron que realiz\u00f3&nbsp;<strong>al menos cinco llamadas a Javier Milei<\/strong>&nbsp;en los minutos previos al tuit en el que el mandatario promocion\u00f3 el&nbsp;<strong>token<\/strong>. Los datos forman parte de documentos incorporados a la causa judicial que investiga el caso.<\/p>\n\n\n\n<figure class=\"wp-block-image size-full\"><img loading=\"lazy\" decoding=\"async\" width=\"738\" height=\"415\" src=\"https:\/\/resumenprovincial.com.ar\/wp-content\/uploads\/2026\/03\/1000654695.jpg\" alt=\"\" class=\"wp-image-29717\" srcset=\"https:\/\/resumenprovincial.com.ar\/wp-content\/uploads\/2026\/03\/1000654695.jpg 738w, https:\/\/resumenprovincial.com.ar\/wp-content\/uploads\/2026\/03\/1000654695-300x169.jpg 300w\" sizes=\"auto, (max-width: 738px) 100vw, 738px\" \/><\/figure>\n\n\n\n<p>La informaci\u00f3n fue difundida este jueves por el periodista\u00a0<strong>Ariel Zak\u00a0<\/strong>en C5N, quien accedi\u00f3 a documentos anexados al expediente que contienen detalles del contenido del celular del empresario. \u201c<strong>Es la persona que, se sospecha, habr\u00eda convocado al Presidente a publicar el posteo del 14 de febrero del a\u00f1o pasado<\/strong>\u201d, explic\u00f3.<\/p>\n\n\n\n<p>Seg\u00fan los datos que surgen del an\u00e1lisis del dispositivo, el&nbsp;<strong>14 de febrero<\/strong>&nbsp;cerca de las&nbsp;<strong>19:01<\/strong>, horario en el que Milei public\u00f3 el mensaje en redes sociales, se habr\u00edan registrado&nbsp;<strong>varias comunicaciones consecutivas desde el tel\u00e9fono de Novelli hacia el del Presidente<\/strong>.<\/p>\n\n\n\n<p>\u201c<strong>Habr\u00eda al menos cinco comunicaciones antes de las 19:01<\/strong>\u201d, detall\u00f3 Zak. En ese momento, el mandatario difundi\u00f3&nbsp;<strong>el c\u00f3digo necesario para acceder a la compra del token<\/strong>, que acababa de lanzarse al mercado.<\/p>\n\n\n\n<p>De acuerdo con la reconstrucci\u00f3n de las comunicaciones,&nbsp;<strong>las conversaciones se interrumpieron durante un per\u00edodo<\/strong>&nbsp;y luego se retomaron. En ese segundo tramo, se habr\u00edan registrado&nbsp;<strong>contactos desde el tel\u00e9fono presidencial hacia el de Novelli<\/strong>.<\/p>\n\n\n\n<figure class=\"wp-block-image size-full\"><img loading=\"lazy\" decoding=\"async\" width=\"900\" height=\"600\" src=\"https:\/\/resumenprovincial.com.ar\/wp-content\/uploads\/2026\/03\/1000654681.webp\" alt=\"\" class=\"wp-image-29714\" srcset=\"https:\/\/resumenprovincial.com.ar\/wp-content\/uploads\/2026\/03\/1000654681.webp 900w, https:\/\/resumenprovincial.com.ar\/wp-content\/uploads\/2026\/03\/1000654681-300x200.webp 300w, https:\/\/resumenprovincial.com.ar\/wp-content\/uploads\/2026\/03\/1000654681-768x512.webp 768w\" sizes=\"auto, (max-width: 900px) 100vw, 900px\" \/><\/figure>\n\n\n\n<p><strong><em>Foto: Mauricio Novelli y Javier Milei<\/em><\/strong><\/p>\n\n\n\n<p>El periodista tambi\u00e9n se\u00f1al\u00f3 que en la secuencia analizada aparece&nbsp;<strong>una comunicaci\u00f3n entre Novelli y Julian Peh<\/strong>, CEO de&nbsp;<strong>Kip Protocol<\/strong>, empresa vinculada al proyecto de la criptomoneda. Adem\u00e1s, no descart\u00f3 que pudieran haber llamados con la secretaria de la Presidencia,&nbsp;<strong>Karina Milei.<\/strong><\/p>\n\n\n\n<p>Estos datos cobran relevancia al considerar&nbsp;<strong>el antecedente de las cajas de seguridad vinculadas a Novelli<\/strong>. El&nbsp;<strong>4 de febrero<\/strong>, pocos d\u00edas antes de viajar a Estados Unidos, el empresario habilit\u00f3&nbsp;<strong>dos cofres en una sucursal del Banco Galicia en Mart\u00ednez<\/strong>. Diez d\u00edas m\u00e1s tarde, el&nbsp;<strong>14 de febrero<\/strong>, Milei public\u00f3 en sus redes el acceso a la criptomoneda&nbsp;<strong>$LIBRA<\/strong>. Horas despu\u00e9s del anuncio, el token&nbsp;<strong>se desplom\u00f3<\/strong>, afectando a unos&nbsp;<strong>40 mil inversores,&nbsp;<\/strong>inform\u00f3&nbsp;<em>\u00c1mbito.<\/em><\/p>\n\n\n\n<p>Luego del regreso de Novelli al pa\u00eds, el&nbsp;<strong>16 de febrero<\/strong>,&nbsp;<strong>su madre y su hermana<\/strong>&nbsp;se presentaron en la entidad bancaria para retirar el contenido de las cajas de seguridad. Las c\u00e1maras de seguridad registraron a&nbsp;<strong>Alicia Rafele y Mar\u00eda P\u00eda Novelli<\/strong>&nbsp;en el momento en que retiraban los valores. El movimiento ocurri\u00f3&nbsp;<strong>poco despu\u00e9s del lanzamiento y la posterior ca\u00edda del activo digital<\/strong>&nbsp;promocionado por el Presidente.<\/p>\n\n\n\n<figure class=\"wp-block-image size-full\"><img loading=\"lazy\" decoding=\"async\" width=\"900\" height=\"600\" src=\"https:\/\/resumenprovincial.com.ar\/wp-content\/uploads\/2026\/03\/1000654682.webp\" alt=\"\" class=\"wp-image-29715\" srcset=\"https:\/\/resumenprovincial.com.ar\/wp-content\/uploads\/2026\/03\/1000654682.webp 900w, https:\/\/resumenprovincial.com.ar\/wp-content\/uploads\/2026\/03\/1000654682-300x200.webp 300w, https:\/\/resumenprovincial.com.ar\/wp-content\/uploads\/2026\/03\/1000654682-768x512.webp 768w\" sizes=\"auto, (max-width: 900px) 100vw, 900px\" \/><\/figure>\n\n\n\n<p>Ante esta situaci\u00f3n, la jueza&nbsp;<strong>Mar\u00eda Servini<\/strong>&nbsp;orden\u00f3&nbsp;<strong>allanamientos urgentes sobre las cajas de seguridad<\/strong>, pero cuando los agentes judiciales realizaron el procedimiento&nbsp;<strong>las encontraron vac\u00edas<\/strong>.<\/p>\n\n\n\n<p>Adem\u00e1s, las pericias sobre el celular de Novelli revelaron que el&nbsp;<strong>20 de febrero<\/strong>, cuatro d\u00edas despu\u00e9s de su regreso a la Argentina, mantuvo&nbsp;<strong>una conversaci\u00f3n por WhatsApp con su socio Manuel Terrones Godoy<\/strong>. En ese intercambio escribi\u00f3:&nbsp;<strong>\u201cLlevo eso para all\u00e1, pero borr\u00e1\u201d<\/strong>.<\/p>\n\n\n\n<h2 class=\"wp-block-heading\">El jubilado en la ruta del dinero del caso $LIBRA: recibi\u00f3 u$s1 mill\u00f3n y figura autorizado a manejar autos de alta gama<\/h2>\n\n\n\n<p>Un&nbsp;<strong>jubilado<\/strong>&nbsp;de 75 a\u00f1os que apareci\u00f3 en la ruta del dinero del caso de la criptomoneda&nbsp;<strong>$LIBRA<\/strong>&nbsp;qued\u00f3 bajo la lupa judicial luego de que se detectara que<strong>&nbsp;recibi\u00f3 m\u00e1s de un mill\u00f3n de d\u00f3lares<\/strong>&nbsp;<strong>de parte del empresario estadounidense Hayden Davis.<\/strong>&nbsp;Adem\u00e1s, registros oficiales revelan que est\u00e1 autorizado a conducir varios veh\u00edculos de gama media y alta pertenecientes a una empresa vinculada a su entorno.<\/p>\n\n\n\n<p>Se trata de&nbsp;<strong>Orlando Rodolfo Mellino<\/strong>, un hombre&nbsp;<strong>radicado en Tigre<\/strong>&nbsp;cuyo nombre surgi\u00f3 en la investigaci\u00f3n cuando se detect\u00f3 que el 30 de enero de 2025 recibi\u00f3 una transferencia de<strong>&nbsp;m\u00e1s de u$s1 mill\u00f3n en criptomonedas<\/strong>&nbsp;desde una cuenta atribuida a&nbsp;<strong>Davis,<\/strong>&nbsp;uno de los impulsores del proyecto cripto.<\/p>\n\n\n\n<p>La operaci\u00f3n se concret\u00f3 el mismo d\u00eda en que el empresario se reuni\u00f3 con el\u00a0<strong>presidente Javier Milei.\u00a0<\/strong>Seg\u00fan reconstruyeron los investigadores,\u00a0<strong>Mellino<\/strong>\u00a0transfiri\u00f3 el dinero pocas horas despu\u00e9s a otra cuenta cuyo titular todav\u00eda no fue identificado, lo que alimenta las sospechas sobre su rol dentro de la maniobra financiera que se investiga en los tribunales federales.<\/p>\n","protected":false},"excerpt":{"rendered":"<p>Un informe incorporado al expediente judicial indic&oacute; que el empresario Mauricio Novelli habr&iacute;a realizado varias llamadas a Javier Milei minutos&hellip;<\/p>\n","protected":false},"author":2,"featured_media":29716,"comment_status":"closed","ping_status":"closed","sticky":false,"template":"","format":"standard","meta":{"footnotes":""},"categories":[48,33,37],"tags":[77,78],"class_list":["post-29713","post","type-post","status-publish","format-standard","has-post-thumbnail","hentry","category-economia","category-nacionales","category-politica","tag-corrupcion","tag-justicia"],"_links":{"self":[{"href":"https:\/\/resumenprovincial.com.ar\/index.php?rest_route=\/wp\/v2\/posts\/29713","targetHints":{"allow":["GET"]}}],"collection":[{"href":"https:\/\/resumenprovincial.com.ar\/index.php?rest_route=\/wp\/v2\/posts"}],"about":[{"href":"https:\/\/resumenprovincial.com.ar\/index.php?rest_route=\/wp\/v2\/types\/post"}],"author":[{"embeddable":true,"href":"https:\/\/resumenprovincial.com.ar\/index.php?rest_route=\/wp\/v2\/users\/2"}],"replies":[{"embeddable":true,"href":"https:\/\/resumenprovincial.com.ar\/index.php?rest_route=%2Fwp%2Fv2%2Fcomments&post=29713"}],"version-history":[{"count":1,"href":"https:\/\/resumenprovincial.com.ar\/index.php?rest_route=\/wp\/v2\/posts\/29713\/revisions"}],"predecessor-version":[{"id":29718,"href":"https:\/\/resumenprovincial.com.ar\/index.php?rest_route=\/wp\/v2\/posts\/29713\/revisions\/29718"}],"wp:featuredmedia":[{"embeddable":true,"href":"https:\/\/resumenprovincial.com.ar\/index.php?rest_route=\/wp\/v2\/media\/29716"}],"wp:attachment":[{"href":"https:\/\/resumenprovincial.com.ar\/index.php?rest_route=%2Fwp%2Fv2%2Fmedia&parent=29713"}],"wp:term":[{"taxonomy":"category","embeddable":true,"href":"https:\/\/resumenprovincial.com.ar\/index.php?rest_route=%2Fwp%2Fv2%2Fcategories&post=29713"},{"taxonomy":"post_tag","embeddable":true,"href":"https:\/\/resumenprovincial.com.ar\/index.php?rest_route=%2Fwp%2Fv2%2Ftags&post=29713"}],"curies":[{"name":"wp","href":"https:\/\/api.w.org\/{rel}","templated":true}]}}