{"id":29726,"date":"2026-03-15T17:50:52","date_gmt":"2026-03-15T20:50:52","guid":{"rendered":"https:\/\/resumenprovincial.com.ar\/?p=29726"},"modified":"2026-03-15T17:50:52","modified_gmt":"2026-03-15T20:50:52","slug":"nuevos-trabajos-digitales-la-vision-de-la-influencer-paranaense-juliana-casablanca","status":"publish","type":"post","link":"https:\/\/resumenprovincial.com.ar\/?p=29726","title":{"rendered":"Nuevos trabajos digitales: la visi\u00f3n de la influencer paranaense Juliana Casablanca"},"content":{"rendered":"\n<p>De emprendedora a influencer:\u00a0<em>Ju<\/em>\u00a0Casablanca revela c\u00f3mo transform\u00f3 las redes sociales en su trabajo y qu\u00e9 hay detr\u00e1s del mundo digital.<\/p>\n\n\n\n<p><strong><em>\u201cTenemos que amigarnos con la tecnolog\u00eda porque cuando entendemos lo que se viene tambi\u00e9n aparecen nuevas oportunidades\u201d<\/em>. Lo que para muchos comenz\u00f3 como entretenimiento, para ella se convirti\u00f3 hace m\u00e1s de ocho a\u00f1os en su principal herramienta de trabajo dentro del mundo de las redes sociales.<\/strong><\/p>\n\n\n\n<p>Actualmente desarrolla contenido vinculado a la moda, el maquillaje y el asesoramiento de imagen, mientras tambi\u00e9n trabaja con distintas marcas dise\u00f1ando estrategias de\u00a0<strong>marketing digital<\/strong>\u00a0y comunicaci\u00f3n online. A trav\u00e9s de su experiencia, logr\u00f3 convertir un espacio que muchos utilizan para el ocio en una verdadera salida laboral.<\/p>\n\n\n\n<h2 class=\"wp-block-heading\">De un emprendimiento personal a trabajar en las redes sociales<\/h2>\n\n\n\n<p><em><strong>\u201cTrabajo con y para las redes sociales\u201d<\/strong><\/em>, resumi\u00f3. Desde su cuenta personal comparte contenido relacionado con estilo, tendencias y moda cotidiana, pero tambi\u00e9n utiliza sus conocimientos para asesorar a emprendimientos y marcas que buscan posicionarse en el entorno digital.<\/p>\n\n\n\n<p>Su primer acercamiento a este mundo surgi\u00f3 a partir de un emprendimiento propio de ropa. En ese momento comenz\u00f3 a utilizar&nbsp;<strong>Instagram<\/strong>&nbsp;para mostrar sus productos, generar comunidad y conectar con potenciales clientas. Lo que empez\u00f3 como una forma de promocionar su marca termin\u00f3 abri\u00e9ndole nuevas oportunidades laborales.<\/p>\n\n\n\n<p><em><strong>\u201cNunca quise ser influencer, siempre lo tom\u00e9 como una herramienta de venta\u201d<\/strong><\/em>, explic\u00f3. A partir del crecimiento de su cuenta y de la manera en la que comunicaba sus productos, diferentes emprendimientos comenzaron a interesarse por su trabajo y la convocaron para ayudarles a organizar sus redes sociales, pensar contenidos y planificar estrategias de comunicaci\u00f3n digital.<\/p>\n\n\n\n<p>As\u00ed, lo que hab\u00eda comenzado como una herramienta para impulsar su propio negocio termin\u00f3 convirti\u00e9ndose en su profesi\u00f3n dentro del mundo del&nbsp;<strong>marketing digital<\/strong>.<\/p>\n\n\n\n<h2 class=\"wp-block-heading\">La moda como forma de comunicaci\u00f3n<\/h2>\n\n\n\n<p>Gran parte del contenido que genera gira en torno a la moda y al asesoramiento de imagen. Sin embargo, la influencer intenta abordar estos temas desde una mirada que vaya m\u00e1s all\u00e1 de lo est\u00e9tico. Para ella, la forma en que una persona se viste tambi\u00e9n comunica algo sobre su identidad.<\/p>\n\n\n\n<p><em><strong>\u201cLa moda no tiene que ver con algo superficial, sino con una comunicaci\u00f3n no verbal que todos tenemos\u201d<\/strong><\/em>, sostuvo. En sus publicaciones busca que quienes la siguen puedan descubrir su propio estilo y entender que la moda puede ser una herramienta para expresarse.<\/p>\n\n\n\n<p>Desde su perspectiva, el estilo personal no se trata solo de seguir tendencias, sino de encontrar aquellas prendas o combinaciones que representen a cada persona.<\/p>\n\n\n\n<h2 class=\"wp-block-heading\">Formaci\u00f3n y profesionalizaci\u00f3n<\/h2>\n\n\n\n<p>El camino profesional de&nbsp;<em>Ju<\/em>&nbsp;tambi\u00e9n estuvo acompa\u00f1ado por la formaci\u00f3n. Primero estudi\u00f3 Dise\u00f1o de Indumentaria y Textil y luego Marketing, adem\u00e1s de realizar distintos cursos vinculados al asesoramiento de imagen, marketing digital y comunicaci\u00f3n.<\/p>\n\n\n\n<p>Para ella, capacitarse fue fundamental para poder desarrollar su trabajo dentro del mundo digital.<\/p>\n\n\n\n<p><em><strong>\u201cPara m\u00ed es s\u00faper importante estudiar, porque me hace sentir capacitada para lo que hago y para lo que comunico\u201d<\/strong><\/em>, afirm\u00f3. En un \u00e1mbito tan din\u00e1mico como el de las redes sociales, considera que la formaci\u00f3n permanente es clave para poder adaptarse a los cambios y a las nuevas herramientas.<\/p>\n\n\n\n<p>Aunque muchas personas la identifican como&nbsp;<strong>influencer<\/strong>, tiene una mirada cr\u00edtica sobre ese t\u00e9rmino. Seg\u00fan explic\u00f3, con el paso del tiempo la palabra comenz\u00f3 a utilizarse de manera muy amplia y muchas veces no refleja el trabajo que hay detr\u00e1s.<\/p>\n\n\n\n<p><em><strong>\u201cSiento que la palabra influencer est\u00e1 bastante desgastada\u201d<\/strong><\/em>, dijo. Para ella, detr\u00e1s de cada publicaci\u00f3n existe planificaci\u00f3n, an\u00e1lisis, producci\u00f3n de contenido y estrategia.<\/p>\n\n\n\n<p><em><strong>\u201cMi trabajo tiene su precio y donde voy tambi\u00e9n pago, porque respeto el valor del trabajo de cada uno\u201d<\/strong><\/em>, agreg\u00f3.<\/p>\n\n\n\n<p>Adem\u00e1s de crear contenido y trabajar con distintas marcas, tambi\u00e9n se dedica a la formaci\u00f3n dentro del mundo digital. A trav\u00e9s de sus&nbsp;<strong><a href=\"https:\/\/www.instagram.com\/wi.comunicacion\/\" target=\"_blank\" rel=\"noreferrer noopener\">cursos y talleres<\/a><\/strong>&nbsp;comparte herramientas vinculadas a&nbsp;<strong>redes sociales<\/strong>,&nbsp;<strong>marketing digital<\/strong>&nbsp;y creaci\u00f3n de contenido, orientadas a emprendedores y personas que buscan desarrollar su presencia en el entorno digital.<\/p>\n\n\n\n<p><em><strong>\u201cMe gusta poder compartir lo que aprend\u00ed durante estos a\u00f1os trabajando en redes\u201d<\/strong><\/em>, explic\u00f3.<\/p>\n\n\n\n<h2 class=\"wp-block-heading\">Instagram como espacio para educar<\/h2>\n\n\n\n<p>Aunque utiliza varias plataformas digitales, su red principal sigue siendo&nbsp;<strong>Instagram<\/strong>, donde concentra la mayor parte de su contenido.<\/p>\n\n\n\n<p><em><strong>\u201cInstagram me gusta porque permite educar e informar\u201d<\/strong><\/em>, explic\u00f3. En ese espacio suele compartir consejos sobre estilo personal, moda cotidiana y comunicaci\u00f3n a trav\u00e9s de la imagen.<\/p>\n\n\n\n<p>En cambio, reconoce que utiliza con menor frecuencia&nbsp;<strong>TikTok<\/strong>, ya que considera que el formato de esa plataforma no siempre coincide con su forma de comunicar.<\/p>\n\n\n\n<p><em><strong>\u201cTikTok tiene otro ritmo y otro tipo de contenido. A m\u00ed me gusta poder explicar un poco m\u00e1s las cosas\u201d<\/strong><\/em>, coment\u00f3.<\/p>\n\n\n\n<h2 class=\"wp-block-heading\">Trabajo remoto y nuevas oportunidades<\/h2>\n\n\n\n<p>Uno de los aspectos que m\u00e1s valora de su profesi\u00f3n es la posibilidad de trabajar desde cualquier lugar. El crecimiento del entorno digital abri\u00f3 la puerta a nuevas formas de empleo vinculadas al&nbsp;<strong>trabajo remoto<\/strong>, donde muchas tareas pueden realizarse simplemente con una computadora y conexi\u00f3n a Internet.<\/p>\n\n\n\n<p>En su caso, su rutina laboral incluye planificaci\u00f3n de contenidos, grabaci\u00f3n de videos, edici\u00f3n, interacci\u00f3n con la comunidad y an\u00e1lisis de resultados. Sin embargo, aclar\u00f3 que detr\u00e1s de lo que se ve en redes sociales hay mucho m\u00e1s trabajo del que suele percibirse.<\/p>\n\n\n\n<p><em><strong>\u201cLa gente ve una foto o un video de pocos segundos, pero detr\u00e1s hay planificaci\u00f3n, grabaci\u00f3n, edici\u00f3n y an\u00e1lisis\u201d<\/strong><\/em>, explic\u00f3.<\/p>\n\n\n\n<h2 class=\"wp-block-heading\">Los desaf\u00edos de la exposici\u00f3n en redes sociales<\/h2>\n\n\n\n<p>As\u00ed como el mundo digital ofrece oportunidades, tambi\u00e9n presenta desaf\u00edos. Uno de los m\u00e1s importantes es la exposici\u00f3n constante que implica trabajar en redes.<\/p>\n\n\n\n<p><em><strong>\u201cLas redes son mi herramienta de trabajo, pero tambi\u00e9n implican exposici\u00f3n. Muchas personas opinan o escriben sin pensar que detr\u00e1s hay alguien\u201d<\/strong><\/em>, se\u00f1al\u00f3.<\/p>\n\n\n\n<p>Por ese motivo intenta mantener un equilibrio entre lo personal y lo profesional. Si bien entiende que mostrar ciertos momentos de la vida cotidiana puede generar cercan\u00eda con la audiencia, evita compartir aspectos demasiado \u00edntimos de su vida. Para ella, encontrar ese l\u00edmite es fundamental para poder sostener una relaci\u00f3n saludable con las redes sociales.<\/p>\n\n\n\n<h2 class=\"wp-block-heading\">La inteligencia artificial como aliada<\/h2>\n\n\n\n<p>En los \u00faltimos a\u00f1os, el crecimiento de la tecnolog\u00eda tambi\u00e9n impact\u00f3 en el trabajo de quienes se desempe\u00f1an en el entorno digital. En ese contexto, considera que la Inteligencia Artificial se convirti\u00f3 en una herramienta \u00fatil dentro de su rutina laboral. \u201c<em><strong>La uso mucho para armar calendarios de contenido o cuando estoy bloqueada creativamente\u201d<\/strong><\/em>, cont\u00f3.<\/p>\n\n\n\n<p>De todas maneras, aclara que la tecnolog\u00eda por s\u00ed sola no alcanza para generar contenido de calidad.<\/p>\n\n\n\n<p><em><strong>\u201cEs una gran herramienta, pero sin una persona que sepa comunicar y conectar con quienes est\u00e1n del otro lado, no funciona al 100%\u201d<\/strong><\/em>, sostuvo.<\/p>\n\n\n\n<h2 class=\"wp-block-heading\">Un camino que no imaginaba<\/h2>\n\n\n\n<p>Aunque hoy trabaja en el mundo digital, su camino profesional no siempre estuvo ligado a las redes sociales. En un principio so\u00f1aba con estudiar medicina y dedicarse a la est\u00e9tica. Incluso comenz\u00f3 esa carrera, pero una experiencia durante una pasant\u00eda en un hospital la llev\u00f3 a replantearse su futuro.<\/p>\n\n\n\n<p>Con el tiempo descubri\u00f3 que su vocaci\u00f3n estaba m\u00e1s cerca de la comunicaci\u00f3n, la moda y el marketing.<\/p>\n\n\n\n<p>Hoy, despu\u00e9s de varios a\u00f1os trabajando en el entorno digital, sostiene que las redes sociales pueden ser una gran oportunidad para quienes tienen algo para comunicar.<\/p>\n\n\n\n<p><em><strong>\u201cLas redes son una herramienta enorme para mostrar lo que hacemos. Lo importante es tener claro qu\u00e9 queremos decir y animarse a hacerlo\u201d<\/strong><\/em>, concluy\u00f3.<\/p>\n\n\n\n<p><strong><em>Fuente: Uno Entre R\u00edos, Producci\u00f3n period\u00edstica: Delfina Silva.<\/em><\/strong><\/p>\n","protected":false},"excerpt":{"rendered":"<p>De emprendedora a influencer:&nbsp;Ju&nbsp;Casablanca revela c&oacute;mo transform&oacute; las redes sociales en su trabajo y qu&eacute; hay detr&aacute;s del mundo digital.&hellip;<\/p>\n","protected":false},"author":2,"featured_media":29727,"comment_status":"closed","ping_status":"closed","sticky":false,"template":"","format":"standard","meta":{"footnotes":""},"categories":[50,63],"tags":[],"class_list":["post-29726","post","type-post","status-publish","format-standard","has-post-thumbnail","hentry","category-interes-general","category-sociedad"],"_links":{"self":[{"href":"https:\/\/resumenprovincial.com.ar\/index.php?rest_route=\/wp\/v2\/posts\/29726","targetHints":{"allow":["GET"]}}],"collection":[{"href":"https:\/\/resumenprovincial.com.ar\/index.php?rest_route=\/wp\/v2\/posts"}],"about":[{"href":"https:\/\/resumenprovincial.com.ar\/index.php?rest_route=\/wp\/v2\/types\/post"}],"author":[{"embeddable":true,"href":"https:\/\/resumenprovincial.com.ar\/index.php?rest_route=\/wp\/v2\/users\/2"}],"replies":[{"embeddable":true,"href":"https:\/\/resumenprovincial.com.ar\/index.php?rest_route=%2Fwp%2Fv2%2Fcomments&post=29726"}],"version-history":[{"count":1,"href":"https:\/\/resumenprovincial.com.ar\/index.php?rest_route=\/wp\/v2\/posts\/29726\/revisions"}],"predecessor-version":[{"id":29728,"href":"https:\/\/resumenprovincial.com.ar\/index.php?rest_route=\/wp\/v2\/posts\/29726\/revisions\/29728"}],"wp:featuredmedia":[{"embeddable":true,"href":"https:\/\/resumenprovincial.com.ar\/index.php?rest_route=\/wp\/v2\/media\/29727"}],"wp:attachment":[{"href":"https:\/\/resumenprovincial.com.ar\/index.php?rest_route=%2Fwp%2Fv2%2Fmedia&parent=29726"}],"wp:term":[{"taxonomy":"category","embeddable":true,"href":"https:\/\/resumenprovincial.com.ar\/index.php?rest_route=%2Fwp%2Fv2%2Fcategories&post=29726"},{"taxonomy":"post_tag","embeddable":true,"href":"https:\/\/resumenprovincial.com.ar\/index.php?rest_route=%2Fwp%2Fv2%2Ftags&post=29726"}],"curies":[{"name":"wp","href":"https:\/\/api.w.org\/{rel}","templated":true}]}}