{"id":29729,"date":"2026-03-15T18:09:00","date_gmt":"2026-03-15T21:09:00","guid":{"rendered":"https:\/\/resumenprovincial.com.ar\/?p=29729"},"modified":"2026-03-15T18:09:00","modified_gmt":"2026-03-15T21:09:00","slug":"la-caja-de-jubilaciones-intima-a-funcionarios-de-azcue-que-cobran-jubilacion-y-perciben-ingresos-del-municipio-sin-aportes","status":"publish","type":"post","link":"https:\/\/resumenprovincial.com.ar\/?p=29729","title":{"rendered":"La Caja de Jubilaciones intima a funcionarios de Azcu\u00e9 que cobran jubilaci\u00f3n y perciben ingresos del Municipio sin aportes"},"content":{"rendered":"\n<p>En medio del debate por la reforma previsional impulsada por el gobierno provincial ante la crisis que atraviesa la Caja de Jubilaciones y Pensiones de Entre R\u00edos, varios funcionarios de la Municipalidad de Concordia quedaron bajo observaci\u00f3n por una posible incompatibilidad: cobrar al mismo tiempo una jubilaci\u00f3n provincial y percibir ingresos vinculados a su funci\u00f3n en la gesti\u00f3n del intendente Francisco Azcu\u00e9. Entre ellos figuran el actual Subsecretario de Educaci\u00f3n y Cultura de la Municipalidad de Concordia, Carlos Gatto, y el ingeniero Federico Schattenhofer, actual secretario de Desarrollo Productivo y presidente del Ente de Desarrollo Aerocomercial (EDACC).\u00a0 Ser\u00eda la primera camada de intimados de la gesti\u00f3n, que podr\u00edan tener que devolver lo percibido como jubilaci\u00f3n en los \u00faltimos a\u00f1os. La intimaci\u00f3n tambi\u00e9n ata\u00f1e al municipio por no haber realizado los aportes correspondientes a la Caja.<\/p>\n\n\n\n<p>Seg\u00fan informaci\u00f3n a la que accedi\u00f3&nbsp;<strong>DIARIOJUNIO<\/strong>, en enero pasado el organismo previsional<strong>&nbsp;notific\u00f3 formalmente al municipio para \u201cponer en su conocimiento casos de posible incompatibilidad Activo-Pasivo, sobre beneficiarios con posible v\u00ednculo laboral con el Municipio de Concordia\u201d.<\/strong>&nbsp;En la misma comunicaci\u00f3n se advierte que estas situaciones podr\u00edan configurar&nbsp;<strong>evasi\u00f3n de aportes y contribuciones al sistema previsional<\/strong>, dado que&nbsp;<strong>quienes perciben un ingreso por actividad deber\u00edan realizar los aportes correspondientes.<\/strong><\/p>\n\n\n\n<p>La notificaci\u00f3n menciona a&nbsp;<strong>nueve funcionarios municipales<\/strong>: Luis V\u00edctor Costa, Claudia Silvina Perillo (renunci\u00f3 al cargo en febrero pasado), Patricia Elena Jaluf, Mar\u00eda de los \u00c1ngeles M\u00e9ndez,&nbsp;<strong>Carlos Humberto Gatto<\/strong>, N\u00e9lida Elsa Amam,&nbsp;<strong>Arnoldo Federico Schattenhofer<\/strong>, Mar\u00eda Carolina P\u00e9rez y Mar\u00eda Jos\u00e9 Umedez, todos con distintos cargos pol\u00edticos dentro de la administraci\u00f3n local.<\/p>\n\n\n\n<p><strong>Designaciones \u201cad honorem\u201d y el C\u00f3digo 600<\/strong><\/p>\n\n\n\n<p>En los decretos de nombramiento de estas personas se repite una f\u00f3rmula administrativa que, en apariencia, buscaba evitar el conflicto previsional: se los designa&nbsp;<strong>\u201cad honorem\u201d<\/strong>&nbsp;y se aclara expresamente que el cargo se desempe\u00f1a&nbsp;<strong>\u201csin liquidaci\u00f3n del mismo\u201d<\/strong>.<\/p>\n\n\n\n<p>Sin embargo, el esquema administrativo no termina all\u00ed.<\/p>\n\n\n\n<p>Posteriormente aparece otro decreto mediante el cual se les asigna el denominado&nbsp;<strong>\u201cC\u00f3digo 600\u201d<\/strong>, una partida presupuestaria utilizada habitualmente para otorgar&nbsp;<strong>adicionales no remunerativos<\/strong>, como gastos de representaci\u00f3n u otros conceptos.<\/p>\n\n\n\n<p>Estos adicionales se canalizan mediante&nbsp;<strong>recibos de sueldo<\/strong>, aunque&nbsp;<strong>sin que el Estado municipal realice los aportes previsionales correspondientes<\/strong>.<\/p>\n\n\n\n<p>Para la Caja de Jubilaciones, esa modalidad podr\u00eda configurar igualmente una&nbsp;<strong>relaci\u00f3n laboral encubierta<\/strong>, lo que activa la incompatibilidad entre el estado de jubilado y el ejercicio de una funci\u00f3n remunerada.<\/p>\n\n\n\n<p><strong>Intimaciones y montos millonarios<\/strong><\/p>\n\n\n\n<p>Seg\u00fan fuentes consultadas por&nbsp;<strong>DIARIOJUNIO<\/strong>, el subsecretario de Cultura y Educaci\u00f3n&nbsp;<strong>Carlos Gatto<\/strong>&nbsp;habr\u00eda recibido una notificaci\u00f3n que lo&nbsp;<strong>intima a devolver los haberes jubilatorios percibidos durante el per\u00edodo en que se habr\u00eda configurado la incompatibilidad<\/strong>.<\/p>\n\n\n\n<p>En el caso de Gatto, su jubilaci\u00f3n provincial rondar\u00eda&nbsp;<strong>los 3 millones de pesos mensuales y percibe $2.770.543,00 de parte del municipio de Concordia seg\u00fan la secci\u00f3n Sueldos Municipales de la p\u00e1gina de Transparencia del municipio.<\/strong><\/p>\n\n\n\n<figure class=\"wp-block-image size-full is-resized\"><img loading=\"lazy\" decoding=\"async\" width=\"656\" height=\"49\" src=\"https:\/\/resumenprovincial.com.ar\/wp-content\/uploads\/2026\/03\/Screenshot_73.png\" alt=\"\" class=\"wp-image-29730\" style=\"width:834px;height:auto\" srcset=\"https:\/\/resumenprovincial.com.ar\/wp-content\/uploads\/2026\/03\/Screenshot_73.png 656w, https:\/\/resumenprovincial.com.ar\/wp-content\/uploads\/2026\/03\/Screenshot_73-300x22.png 300w\" sizes=\"auto, (max-width: 656px) 100vw, 656px\" \/><\/figure>\n\n\n\n<p>Por su parte, el secretario de Desarrollo Humano\u00a0<strong>Arnoldo Federico Schattenhofer<\/strong>\u00a0percibir\u00eda\u00a0<strong>m\u00e1s de 9 millones de pesos<\/strong>, producto de haber acumulado beneficios previsionales de Naci\u00f3n y de la provincia \u2014esta \u00faltima con el r\u00e9gimen del\u00a0<strong>82 % m\u00f3vil<\/strong>\u2014, adem\u00e1s de los\u00a0<strong>$3.540.827,53 que cobra por la Secretar\u00eda de Desarrollo Productivo del municipio.<\/strong><\/p>\n\n\n\n<figure class=\"wp-block-image size-full is-resized\"><img loading=\"lazy\" decoding=\"async\" width=\"657\" height=\"55\" src=\"https:\/\/resumenprovincial.com.ar\/wp-content\/uploads\/2026\/03\/Screenshot_74.png\" alt=\"\" class=\"wp-image-29731\" style=\"width:822px;height:auto\" srcset=\"https:\/\/resumenprovincial.com.ar\/wp-content\/uploads\/2026\/03\/Screenshot_74.png 657w, https:\/\/resumenprovincial.com.ar\/wp-content\/uploads\/2026\/03\/Screenshot_74-300x25.png 300w\" sizes=\"auto, (max-width: 657px) 100vw, 657px\" \/><\/figure>\n\n\n\n<p>Este medio pregunt\u00f3 por el funcionario&nbsp;<strong>Roberto Niez<\/strong>, subsecretario de Desarrollo Humano, pero se explic\u00f3 que, si bien reviste una situaci\u00f3n similar, \u00e9l es&nbsp;<strong>jubilado de Naci\u00f3n como aut\u00f3nomo.&nbsp;<\/strong><\/p>\n\n\n\n<p>Entre los nombres incluidos en la notificaci\u00f3n figura tambi\u00e9n&nbsp;<strong>Claudia Silvina Perillo<\/strong>, quien se desempe\u00f1aba como coordinadora de Derechos Humanos, G\u00e9neros y Diversidad. La funcionaria&nbsp;<strong>renunci\u00f3 recientemente a su cargo<\/strong>, a d\u00edas de la conmemoraci\u00f3n del 50 Aniversario del Golpe de Estado de 1976, sin que desde el municipio se brindaran explicaciones oficiales sobre los motivos de su dimisi\u00f3n.<\/p>\n\n\n\n<p>No es el primer caso que se presenta en la actual gesti\u00f3n. A mediados del a\u00f1o pasado, el entonces subsecretario de Salud&nbsp;<strong>Germ\u00e1n Margaritini<\/strong>&nbsp;dej\u00f3 su cargo pocas semanas despu\u00e9s de haber asumido. Entre las razones que esgrimi\u00f3 en ese momento figuraba, entre otras,&nbsp;<strong>la incompatibilidad entre cobrar su jubilaci\u00f3n y percibir un sueldo como funcionario pol\u00edtico<\/strong>. Margaritini opt\u00f3 por evitar problemas futuros y conservar su jubilaci\u00f3n.<\/p>\n\n\n\n<p>Aquella salida temprana fue interpretada en su momento como una advertencia dentro del gabinete municipal. Sin embargo, a la luz de las notificaciones enviadas por la Caja de Jubilaciones, el alerta habr\u00eda sido desestimada.<\/p>\n\n\n\n<p><strong>\u00abHaz lo que yo digo pero no lo yo que hago\u00bb<\/strong><\/p>\n\n\n\n<p>La cuesti\u00f3n toma mayor relevancia porque ocurre mientras el gobierno provincial discute&nbsp;<strong>una reforma del sistema previsional<\/strong>&nbsp;argumentando&nbsp;<strong>el d\u00e9ficit estructural de la Caja.<\/strong><\/p>\n\n\n\n<p>Es en ese marco que la existencia de funcionarios que podr\u00edan estar&nbsp;<strong>percibiendo jubilaciones y, al mismo tiempo, ingresos provenientes del Estado sin realizar aportes<\/strong>&nbsp;se vuelve un punto extremadamente sensible.<\/p>\n\n\n\n<p>Por ahora, la&nbsp;<strong>Caja de Jubilaciones y Pensiones de Entre R\u00edos<\/strong>&nbsp;ya dio el primer paso: notificar al municipio y comenzar a intimar a los beneficiarios para que&nbsp;<strong>regularicen su situaci\u00f3n o devuelvan lo percibido de forma indebida<\/strong>.<\/p>\n\n\n\n<p>Lo que resta saber es cu\u00e1l ser\u00e1 la respuesta de la&nbsp;<strong>gesti\u00f3n municipal de Concordia<\/strong>&nbsp;ante un esquema administrativo que, bajo la figura del \u201cad honorem\u201d, termin\u00f3 derivando en un sistema de pagos que hoy qued\u00f3 bajo sospecha de&nbsp;<strong>desfinanciar<\/strong>&nbsp;el organismo previsional provincial.<\/p>\n\n\n\n<p>Fuente: Diario Junio<\/p>\n","protected":false},"excerpt":{"rendered":"<p>En medio del debate por la reforma previsional impulsada por el gobierno provincial ante la crisis que atraviesa la Caja&hellip;<\/p>\n","protected":false},"author":2,"featured_media":29732,"comment_status":"closed","ping_status":"closed","sticky":false,"template":"","format":"standard","meta":{"footnotes":""},"categories":[37,34],"tags":[],"class_list":["post-29729","post","type-post","status-publish","format-standard","has-post-thumbnail","hentry","category-politica","category-provinciales"],"_links":{"self":[{"href":"https:\/\/resumenprovincial.com.ar\/index.php?rest_route=\/wp\/v2\/posts\/29729","targetHints":{"allow":["GET"]}}],"collection":[{"href":"https:\/\/resumenprovincial.com.ar\/index.php?rest_route=\/wp\/v2\/posts"}],"about":[{"href":"https:\/\/resumenprovincial.com.ar\/index.php?rest_route=\/wp\/v2\/types\/post"}],"author":[{"embeddable":true,"href":"https:\/\/resumenprovincial.com.ar\/index.php?rest_route=\/wp\/v2\/users\/2"}],"replies":[{"embeddable":true,"href":"https:\/\/resumenprovincial.com.ar\/index.php?rest_route=%2Fwp%2Fv2%2Fcomments&post=29729"}],"version-history":[{"count":1,"href":"https:\/\/resumenprovincial.com.ar\/index.php?rest_route=\/wp\/v2\/posts\/29729\/revisions"}],"predecessor-version":[{"id":29733,"href":"https:\/\/resumenprovincial.com.ar\/index.php?rest_route=\/wp\/v2\/posts\/29729\/revisions\/29733"}],"wp:featuredmedia":[{"embeddable":true,"href":"https:\/\/resumenprovincial.com.ar\/index.php?rest_route=\/wp\/v2\/media\/29732"}],"wp:attachment":[{"href":"https:\/\/resumenprovincial.com.ar\/index.php?rest_route=%2Fwp%2Fv2%2Fmedia&parent=29729"}],"wp:term":[{"taxonomy":"category","embeddable":true,"href":"https:\/\/resumenprovincial.com.ar\/index.php?rest_route=%2Fwp%2Fv2%2Fcategories&post=29729"},{"taxonomy":"post_tag","embeddable":true,"href":"https:\/\/resumenprovincial.com.ar\/index.php?rest_route=%2Fwp%2Fv2%2Ftags&post=29729"}],"curies":[{"name":"wp","href":"https:\/\/api.w.org\/{rel}","templated":true}]}}