{"id":29735,"date":"2026-03-15T19:47:47","date_gmt":"2026-03-15T22:47:47","guid":{"rendered":"https:\/\/resumenprovincial.com.ar\/?p=29735"},"modified":"2026-03-15T19:47:47","modified_gmt":"2026-03-15T22:47:47","slug":"intentaron-asaltarlo-con-una-cuchilla-en-plena-calle-dos-jovenes-terminaron-detenidos-tras-allanamientos","status":"publish","type":"post","link":"https:\/\/resumenprovincial.com.ar\/?p=29735","title":{"rendered":"Intentaron asaltarlo con una cuchilla en plena calle: dos j\u00f3venes terminaron detenidos tras allanamientos"},"content":{"rendered":"\n<p>Un violento intento de robo ocurrido en Concepci\u00f3n del Uruguay termin\u00f3 con dos j\u00f3venes detenidos luego de una r\u00e1pida investigaci\u00f3n policial que deriv\u00f3 en allanamientos y secuestro de elementos vinculados al hecho.<\/p>\n\n\n\n<p>El ataque se produjo el s\u00e1bado cerca de las 14:30 en inmediaciones de calle Suipacha y Boulevard Montoneras, donde un hombre de 29 a\u00f1os fue sorprendido por dos j\u00f3venes que intentaron robarle sus pertenencias utilizando una cuchilla tipo carnicero.<\/p>\n\n\n\n<p>Durante el violento episodio, la v\u00edctima result\u00f3 herida en el brazo derecho cuando los agresores intentaron arrebatarle la mochila que llevaba consigo.<\/p>\n\n\n\n<p><strong>Investigaci\u00f3n y causa judicial<\/strong><\/p>\n\n\n\n<p>Tras la denuncia y la intervenci\u00f3n policial, la causa fue caratulada como \u201crobo agravado por el uso de arma blanca en grado de tentativa\u201d y qued\u00f3 bajo la \u00f3rbita de la fiscal Mar\u00eda Occhi.<\/p>\n\n\n\n<p>Personal de la Secci\u00f3n Judiciales y del Comando Radioel\u00e9ctrico inici\u00f3 una investigaci\u00f3n para identificar a los presuntos autores del ataque.<\/p>\n\n\n\n<p>A partir del an\u00e1lisis de distintas pruebas y testimonios, los investigadores lograron establecer la identidad de los sospechosos y solicitar medidas judiciales para proceder a su detenci\u00f3n.<\/p>\n\n\n\n<figure class=\"wp-block-image size-full\"><img loading=\"lazy\" decoding=\"async\" width=\"617\" height=\"399\" src=\"https:\/\/resumenprovincial.com.ar\/wp-content\/uploads\/2026\/03\/1000659220.jpg\" alt=\"\" class=\"wp-image-29737\" srcset=\"https:\/\/resumenprovincial.com.ar\/wp-content\/uploads\/2026\/03\/1000659220.jpg 617w, https:\/\/resumenprovincial.com.ar\/wp-content\/uploads\/2026\/03\/1000659220-300x194.jpg 300w\" sizes=\"auto, (max-width: 617px) 100vw, 617px\" \/><\/figure>\n\n\n\n<figure class=\"wp-block-image size-full\"><img loading=\"lazy\" decoding=\"async\" width=\"614\" height=\"413\" src=\"https:\/\/resumenprovincial.com.ar\/wp-content\/uploads\/2026\/03\/1000659221.jpg\" alt=\"\" class=\"wp-image-29738\" srcset=\"https:\/\/resumenprovincial.com.ar\/wp-content\/uploads\/2026\/03\/1000659221.jpg 614w, https:\/\/resumenprovincial.com.ar\/wp-content\/uploads\/2026\/03\/1000659221-300x202.jpg 300w\" sizes=\"auto, (max-width: 614px) 100vw, 614px\" \/><\/figure>\n\n\n\n<p><strong>Allanamientos y detenciones<\/strong><\/p>\n\n\n\n<p>Con autorizaci\u00f3n de la Justicia de Garant\u00edas, durante la ma\u00f1ana de este domingo, alrededor de las 09:10, se realizaron dos allanamientos en distintos puntos de la ciudad.<\/p>\n\n\n\n<p>El primero de los procedimientos se llev\u00f3 a cabo en una vivienda ubicada en Boulevard Montoneras al 300, donde fue detenido un joven de 21 a\u00f1os.<\/p>\n\n\n\n<p>En el lugar tambi\u00e9n se secuestraron prendas de vestir y calzado que estar\u00edan vinculados con el hecho investigado.<\/p>\n\n\n\n<p>El segundo allanamiento se realiz\u00f3 en calle 25 de Agosto al 900, donde fue aprehendido el segundo sospechoso, de 23 a\u00f1os.<\/p>\n\n\n\n<p><strong>Elementos secuestrados<\/strong><\/p>\n\n\n\n<p>Durante el operativo policial, los efectivos incautaron distintos elementos que podr\u00edan haber sido utilizados durante el intento de robo.<\/p>\n\n\n\n<p><strong>Entre ellos se encuentran:<\/strong><\/p>\n\n\n\n<p>una bicicleta rodado 29,una remera de un club de f\u00fatbol,y un par de zapatillas que coincidir\u00edan con la vestimenta utilizada por uno de los sospechosos al momento del ataque.<\/p>\n\n\n\n<p><strong>A disposici\u00f3n de la Justicia<\/strong><\/p>\n\n\n\n<p>Tras los procedimientos, ambos detenidos fueron trasladados a la Alcaid\u00eda de la Comisar\u00eda Primera, donde quedaron alojados a disposici\u00f3n de las autoridades judiciales mientras contin\u00faa el avance de la causa.<\/p>\n\n\n\n<p>La investigaci\u00f3n busca ahora determinar el grado de participaci\u00f3n de cada uno de los implicados y reunir m\u00e1s pruebas sobre el violento intento de robo que dej\u00f3 a la v\u00edctima con una herida de arma blanca.<\/p>\n","protected":false},"excerpt":{"rendered":"<p>Un violento intento de robo ocurrido en Concepci&oacute;n del Uruguay termin&oacute; con dos j&oacute;venes detenidos luego de una r&aacute;pida investigaci&oacute;n&hellip;<\/p>\n","protected":false},"author":2,"featured_media":29736,"comment_status":"closed","ping_status":"closed","sticky":false,"template":"","format":"standard","meta":{"footnotes":""},"categories":[47],"tags":[],"class_list":["post-29735","post","type-post","status-publish","format-standard","has-post-thumbnail","hentry","category-policiales"],"_links":{"self":[{"href":"https:\/\/resumenprovincial.com.ar\/index.php?rest_route=\/wp\/v2\/posts\/29735","targetHints":{"allow":["GET"]}}],"collection":[{"href":"https:\/\/resumenprovincial.com.ar\/index.php?rest_route=\/wp\/v2\/posts"}],"about":[{"href":"https:\/\/resumenprovincial.com.ar\/index.php?rest_route=\/wp\/v2\/types\/post"}],"author":[{"embeddable":true,"href":"https:\/\/resumenprovincial.com.ar\/index.php?rest_route=\/wp\/v2\/users\/2"}],"replies":[{"embeddable":true,"href":"https:\/\/resumenprovincial.com.ar\/index.php?rest_route=%2Fwp%2Fv2%2Fcomments&post=29735"}],"version-history":[{"count":1,"href":"https:\/\/resumenprovincial.com.ar\/index.php?rest_route=\/wp\/v2\/posts\/29735\/revisions"}],"predecessor-version":[{"id":29739,"href":"https:\/\/resumenprovincial.com.ar\/index.php?rest_route=\/wp\/v2\/posts\/29735\/revisions\/29739"}],"wp:featuredmedia":[{"embeddable":true,"href":"https:\/\/resumenprovincial.com.ar\/index.php?rest_route=\/wp\/v2\/media\/29736"}],"wp:attachment":[{"href":"https:\/\/resumenprovincial.com.ar\/index.php?rest_route=%2Fwp%2Fv2%2Fmedia&parent=29735"}],"wp:term":[{"taxonomy":"category","embeddable":true,"href":"https:\/\/resumenprovincial.com.ar\/index.php?rest_route=%2Fwp%2Fv2%2Fcategories&post=29735"},{"taxonomy":"post_tag","embeddable":true,"href":"https:\/\/resumenprovincial.com.ar\/index.php?rest_route=%2Fwp%2Fv2%2Ftags&post=29735"}],"curies":[{"name":"wp","href":"https:\/\/api.w.org\/{rel}","templated":true}]}}