{"id":29748,"date":"2026-03-15T22:26:34","date_gmt":"2026-03-16T01:26:34","guid":{"rendered":"https:\/\/resumenprovincial.com.ar\/?p=29748"},"modified":"2026-03-15T22:31:09","modified_gmt":"2026-03-16T01:31:09","slug":"ocurrio-ayer-choque-en-brasil-quienes-eran-los-tres-jovenes-argentinos-que-murieron","status":"publish","type":"post","link":"https:\/\/resumenprovincial.com.ar\/?p=29748","title":{"rendered":"TRAGEDIA EN BRASIL: TRES J\u00d3VENES ARGENTINOS MURIERON EN UN CHOQUE FRONTAL"},"content":{"rendered":"\n<p><em><strong>Viajaban rumbo a Misiones para visitar a sus familias y el impacto fue devastador<\/strong><\/em><\/p>\n\n\n\n<p>El choque frontal en Brasil que ocurri\u00f3 en una ruta del estado de R\u00edo Grande do Sul provoc\u00f3 la muerte de tres j\u00f3venes argentinos oriundos de Misiones. La tragedia ocurri\u00f3 cuando viajaban rumbo a su provincia natal para visitar a sus familias.<\/p>\n\n\n\n<p>El&nbsp;<strong>choque frontal en Brasil<\/strong>&nbsp;dej\u00f3 una profunda conmoci\u00f3n tanto en la localidad misionera de Campo Grande como en la ciudad brasile\u00f1a de Casca, donde los j\u00f3venes resid\u00edan desde hac\u00eda varios a\u00f1os. El siniestro ocurri\u00f3 sobre la ruta ERS-324, a la altura del kil\u00f3metro 238, en la zona conocida como Linha 20 Parizzi.<\/p>\n\n\n\n<p>Las v\u00edctimas fueron identificadas como Jonathan Gabriel Hubscher, de 22 a\u00f1os; su hermano Mattive Lautaro Daniel Hubscher, de 17; y Jennifer Celeste Prosin, tambi\u00e9n de 22. Los tres fallecieron en el lugar tras el violento impacto entre el Volkswagen Fox en el que viajaban y un Ford Focus que circulaba en sentido contrario.<\/p>\n\n\n\n<p>El accidente se produjo durante la noche del viernes y, seg\u00fan informaron medios brasile\u00f1os y argentinos, el impacto fue de tal magnitud que los j\u00f3venes murieron de forma instant\u00e1nea. En el veh\u00edculo viajaban cuatro personas, aunque uno de los ocupantes sobrevivi\u00f3 al siniestro.<\/p>\n\n\n\n<h3 class=\"wp-block-heading\">Una vida entre Misiones y Brasil<\/h3>\n\n\n\n<p>Los tres j\u00f3venes hab\u00edan nacido en Campo Grande, en la provincia de Misiones, pero desde 2022 resid\u00edan en la ciudad brasile\u00f1a de Casca. All\u00ed hab\u00edan construido parte de su vida cotidiana, integr\u00e1ndose a la comunidad local.<\/p>\n\n\n\n<figure class=\"wp-block-image size-full is-resized\"><img loading=\"lazy\" decoding=\"async\" width=\"622\" height=\"410\" src=\"https:\/\/resumenprovincial.com.ar\/wp-content\/uploads\/2026\/03\/Screenshot_78.png\" alt=\"\" class=\"wp-image-29749\" style=\"width:827px;height:auto\" srcset=\"https:\/\/resumenprovincial.com.ar\/wp-content\/uploads\/2026\/03\/Screenshot_78.png 622w, https:\/\/resumenprovincial.com.ar\/wp-content\/uploads\/2026\/03\/Screenshot_78-300x198.png 300w\" sizes=\"auto, (max-width: 622px) 100vw, 622px\" \/><\/figure>\n\n\n\n<p>El viaje que realizaban al momento del accidente ten\u00eda un objetivo especial: regresar a su provincia natal para visitar a sus familias. Ese trayecto, que buscaba acercarlos nuevamente a sus seres queridos, termin\u00f3 en una tragedia que impact\u00f3 profundamente a ambos lados de la frontera.<\/p>\n\n\n\n<p>Tras conocerse la noticia, familiares y amigos comenzaron a despedirlos en redes sociales con mensajes cargados de dolor. \u201cNo hay palabras para tanto dolor. Gaby, Lauty y Jennifer encuentren toda esa paz\u201d, escribi\u00f3 un familiar en una publicaci\u00f3n que r\u00e1pidamente se llen\u00f3 de mensajes de despedida y recuerdos compartidos.<\/p>\n\n\n\n<h3 class=\"wp-block-heading\">Investigaci\u00f3n del accidente y sobrevivientes<\/h3>\n\n\n\n<p>Las autoridades brasile\u00f1as iniciaron una investigaci\u00f3n para determinar c\u00f3mo ocurri\u00f3 el&nbsp;<strong>choque frontal en Brasil<\/strong>. Una de las hip\u00f3tesis que analizan los peritos es que el Volkswagen Fox pudo haber intentado realizar una maniobra de adelantamiento antes del impacto,&nbsp;<em>indic\u00f3 Infobae.<\/em><\/p>\n\n\n\n<figure class=\"wp-block-image size-full is-resized\"><img loading=\"lazy\" decoding=\"async\" width=\"625\" height=\"389\" src=\"https:\/\/resumenprovincial.com.ar\/wp-content\/uploads\/2026\/03\/Screenshot_79.png\" alt=\"\" class=\"wp-image-29750\" style=\"width:840px;height:auto\" srcset=\"https:\/\/resumenprovincial.com.ar\/wp-content\/uploads\/2026\/03\/Screenshot_79.png 625w, https:\/\/resumenprovincial.com.ar\/wp-content\/uploads\/2026\/03\/Screenshot_79-300x187.png 300w\" sizes=\"auto, (max-width: 625px) 100vw, 625px\" \/><\/figure>\n\n\n\n<p>Sin embargo, la mec\u00e1nica exacta del siniestro a\u00fan es materia de an\u00e1lisis por parte de la Polic\u00eda Rodovi\u00e1ria Estadual y del Servicio Auxiliar de Bomberos de Casca, que trabajaron en el lugar del accidente junto con equipos de emergencia.<\/p>\n\n\n\n<p>El conductor que sobrevivi\u00f3 al impacto fue trasladado en estado grave al hospital de Casca. Hasta el momento no se difundi\u00f3 su identidad. Por su parte, el conductor del Ford Focus, un hombre de 50 a\u00f1os que viajaba solo, tambi\u00e9n result\u00f3 con heridas graves.<\/p>\n","protected":false},"excerpt":{"rendered":"<p>Viajaban rumbo a Misiones para visitar a sus familias y el impacto fue devastador El choque frontal en Brasil que&hellip;<\/p>\n","protected":false},"author":2,"featured_media":29751,"comment_status":"closed","ping_status":"closed","sticky":false,"template":"","format":"standard","meta":{"footnotes":""},"categories":[54],"tags":[],"class_list":["post-29748","post","type-post","status-publish","format-standard","has-post-thumbnail","hentry","category-siniestro-vial"],"_links":{"self":[{"href":"https:\/\/resumenprovincial.com.ar\/index.php?rest_route=\/wp\/v2\/posts\/29748","targetHints":{"allow":["GET"]}}],"collection":[{"href":"https:\/\/resumenprovincial.com.ar\/index.php?rest_route=\/wp\/v2\/posts"}],"about":[{"href":"https:\/\/resumenprovincial.com.ar\/index.php?rest_route=\/wp\/v2\/types\/post"}],"author":[{"embeddable":true,"href":"https:\/\/resumenprovincial.com.ar\/index.php?rest_route=\/wp\/v2\/users\/2"}],"replies":[{"embeddable":true,"href":"https:\/\/resumenprovincial.com.ar\/index.php?rest_route=%2Fwp%2Fv2%2Fcomments&post=29748"}],"version-history":[{"count":2,"href":"https:\/\/resumenprovincial.com.ar\/index.php?rest_route=\/wp\/v2\/posts\/29748\/revisions"}],"predecessor-version":[{"id":29753,"href":"https:\/\/resumenprovincial.com.ar\/index.php?rest_route=\/wp\/v2\/posts\/29748\/revisions\/29753"}],"wp:featuredmedia":[{"embeddable":true,"href":"https:\/\/resumenprovincial.com.ar\/index.php?rest_route=\/wp\/v2\/media\/29751"}],"wp:attachment":[{"href":"https:\/\/resumenprovincial.com.ar\/index.php?rest_route=%2Fwp%2Fv2%2Fmedia&parent=29748"}],"wp:term":[{"taxonomy":"category","embeddable":true,"href":"https:\/\/resumenprovincial.com.ar\/index.php?rest_route=%2Fwp%2Fv2%2Fcategories&post=29748"},{"taxonomy":"post_tag","embeddable":true,"href":"https:\/\/resumenprovincial.com.ar\/index.php?rest_route=%2Fwp%2Fv2%2Ftags&post=29748"}],"curies":[{"name":"wp","href":"https:\/\/api.w.org\/{rel}","templated":true}]}}