{"id":29759,"date":"2026-03-16T06:13:41","date_gmt":"2026-03-16T09:13:41","guid":{"rendered":"https:\/\/resumenprovincial.com.ar\/?p=29759"},"modified":"2026-03-16T06:13:41","modified_gmt":"2026-03-16T09:13:41","slug":"joven-fue-baleado-en-un-ataque-a-tiros-y-debio-ser-hospitalizado","status":"publish","type":"post","link":"https:\/\/resumenprovincial.com.ar\/?p=29759","title":{"rendered":"Joven fue baleado en un ataque a tiros y debi\u00f3 ser hospitalizado"},"content":{"rendered":"\n<p>Un joven de 26 a\u00f1os result\u00f3 herido tras un ataque a balazos ocurrido cerca de la medianoche en la zona de calle Antelo y Jos\u00e9 Mar\u00eda Dom\u00ednguez. Recibi\u00f3 un disparo en el om\u00f3plato izquierdo y fue trasladado al Hospital San Mart\u00edn. Investigan un posible ajuste de cuentas.<\/p>\n\n\n\n<p>Fue baleado durante un ataque a tiros registrado cerca de la medianoche en la ciudad de Paran\u00e1. El episodio ocurri\u00f3 en la zona de calle Antelo y Jos\u00e9 Mar\u00eda Dom\u00ednguez, donde la v\u00edctima result\u00f3 herida tras recibir un disparo efectuado desde una motocicleta en movimiento. <\/p>\n\n\n\n<p>Seg\u00fan las primeras informaciones recabadas en el lugar, dos peatones caminaban por esa intersecci\u00f3n cuando fueron sorprendidos por los ocupantes de una motocicleta tipo Honda CG. <\/p>\n\n\n\n<p>Desde el rodado, los agresores efectuaron al menos tres disparos contra los j\u00f3venes. Uno de los proyectiles impact\u00f3 en el om\u00f3plato izquierdo de la v\u00edctima, provoc\u00e1ndole una herida que requiri\u00f3 atenci\u00f3n m\u00e9dica urgente.<\/p>\n\n\n\n<h3 class=\"wp-block-heading\">Traslado de urgencia al Hospital San Mart\u00edn<\/h3>\n\n\n\n<p>Luego del ataque, el joven herido fue trasladado r\u00e1pidamente al Hospital San Mart\u00edn de Paran\u00e1, donde recibi\u00f3 asistencia m\u00e9dica por parte del personal de guardia. Seg\u00fan trascendi\u00f3, el disparo le provoc\u00f3 una lesi\u00f3n en la zona del hombro, aunque su estado de salud no hab\u00eda sido precisado oficialmente.<\/p>\n\n\n\n<p>En el lugar del hecho intervino personal de la Comisar\u00eda Tercera, que realiz\u00f3 las primeras actuaciones policiales tras recibir el alerta sobre los disparos. Tambi\u00e9n trabajaron peritos de la Divisi\u00f3n Polic\u00eda Cient\u00edfica, quienes llevaron adelante las tareas de relevamiento en la escena, inform\u00f3&nbsp;<em>Reporte 100.7.<\/em><\/p>\n\n\n\n<p>De acuerdo con los primeros datos que surgieron en el marco de la investigaci\u00f3n, los autores de los disparos ser\u00edan conocidos del herido. Por este motivo, los investigadores no descartan que el ataque est\u00e9 vinculado a un presunto ajuste de cuentas. En ese contexto, la Polic\u00eda avanz\u00f3 en la toma de testimonios y en el an\u00e1lisis de distintos indicios que podr\u00edan aportar informaci\u00f3n para identificar a los agresores y establecer c\u00f3mo se desencaden\u00f3 el episodio.<\/p>\n","protected":false},"excerpt":{"rendered":"<p>Un joven de 26 a&ntilde;os result&oacute; herido tras un ataque a balazos ocurrido cerca de la medianoche en la zona&hellip;<\/p>\n","protected":false},"author":2,"featured_media":29760,"comment_status":"closed","ping_status":"closed","sticky":false,"template":"","format":"standard","meta":{"footnotes":""},"categories":[47],"tags":[],"class_list":["post-29759","post","type-post","status-publish","format-standard","has-post-thumbnail","hentry","category-policiales"],"_links":{"self":[{"href":"https:\/\/resumenprovincial.com.ar\/index.php?rest_route=\/wp\/v2\/posts\/29759","targetHints":{"allow":["GET"]}}],"collection":[{"href":"https:\/\/resumenprovincial.com.ar\/index.php?rest_route=\/wp\/v2\/posts"}],"about":[{"href":"https:\/\/resumenprovincial.com.ar\/index.php?rest_route=\/wp\/v2\/types\/post"}],"author":[{"embeddable":true,"href":"https:\/\/resumenprovincial.com.ar\/index.php?rest_route=\/wp\/v2\/users\/2"}],"replies":[{"embeddable":true,"href":"https:\/\/resumenprovincial.com.ar\/index.php?rest_route=%2Fwp%2Fv2%2Fcomments&post=29759"}],"version-history":[{"count":1,"href":"https:\/\/resumenprovincial.com.ar\/index.php?rest_route=\/wp\/v2\/posts\/29759\/revisions"}],"predecessor-version":[{"id":29761,"href":"https:\/\/resumenprovincial.com.ar\/index.php?rest_route=\/wp\/v2\/posts\/29759\/revisions\/29761"}],"wp:featuredmedia":[{"embeddable":true,"href":"https:\/\/resumenprovincial.com.ar\/index.php?rest_route=\/wp\/v2\/media\/29760"}],"wp:attachment":[{"href":"https:\/\/resumenprovincial.com.ar\/index.php?rest_route=%2Fwp%2Fv2%2Fmedia&parent=29759"}],"wp:term":[{"taxonomy":"category","embeddable":true,"href":"https:\/\/resumenprovincial.com.ar\/index.php?rest_route=%2Fwp%2Fv2%2Fcategories&post=29759"},{"taxonomy":"post_tag","embeddable":true,"href":"https:\/\/resumenprovincial.com.ar\/index.php?rest_route=%2Fwp%2Fv2%2Ftags&post=29759"}],"curies":[{"name":"wp","href":"https:\/\/api.w.org\/{rel}","templated":true}]}}