{"id":29766,"date":"2026-03-16T14:54:18","date_gmt":"2026-03-16T17:54:18","guid":{"rendered":"https:\/\/resumenprovincial.com.ar\/?p=29766"},"modified":"2026-03-16T14:59:58","modified_gmt":"2026-03-16T17:59:58","slug":"adolescente-denuncio-que-fue-golpeado-por-policias-tras-un-accidente-en-concordia","status":"publish","type":"post","link":"https:\/\/resumenprovincial.com.ar\/?p=29766","title":{"rendered":"Adolescente denunci\u00f3 que fue golpeado por polic\u00edas tras un accidente en Concordia"},"content":{"rendered":"\n<p>Un adolescente de 17 a\u00f1os denunci\u00f3 haber sido agredido por efectivos policiales luego de protagonizar un accidente de tr\u00e1nsito ocurrido en la madrugada del domingo en la ciudad de Concordia. \u00abEl m\u00e9dico nos dijo que mi estado no coincide con el accidente\u201d, expres\u00f3 el menor.<\/p>\n\n\n\n<p>Un adolescente de 17 a\u00f1os denunci\u00f3 haber sido agredido por efectivos policiales luego de protagonizar un accidente de tr\u00e1nsito ocurrido en la madrugada del domingo en la ciudad de Concordia. El hecho, que inicialmente fue informado como un siniestro vial, podr\u00eda derivar ahora en una investigaci\u00f3n sobre el accionar del personal policial que intervino en el procedimiento.<\/p>\n\n\n\n<p>De acuerdo al informe policial difundido el domingo por&nbsp;<em>7Paginas,<\/em>&nbsp;el hecho ocurri\u00f3 en la intersecci\u00f3n de Coldaroli y Rivadavia, donde una motocicleta Honda Wave 110 cc colision\u00f3 contra la parte trasera de una camioneta Volkswagen Amarok.<\/p>\n\n\n\n<p>Seg\u00fan se indic\u00f3 en ese momento, ambos veh\u00edculos circulaban por calle Coldaroli en sentido este\u2013oeste cuando, por causas que se investigan, la motocicleta impact\u00f3 contra la camioneta que transitaba por la misma arteria y en igual direcci\u00f3n.<\/p>\n\n\n\n<p>Como consecuencia del choque, el conductor de la moto, identificado como Mateo Ram\u00edrez, result\u00f3 gravemente herido y debi\u00f3 ser asistido en el lugar para luego ser trasladado en una ambulancia del servicio de emergencias 107 al Hospital Delicia Concepci\u00f3n Masvernat.<\/p>\n\n\n\n<p>Desde el nosocomio informaron que el joven presentaba un traumatismo enc\u00e9falo craneano (TEC) y debi\u00f3 recibir suturas en el rostro a ra\u00edz de las lesiones sufridas.<\/p>\n\n\n\n<h3 class=\"wp-block-heading\">La denuncia del joven<\/h3>\n\n\n\n<p>Sin embargo, tras recuperar el conocimiento, el adolescente se present\u00f3 junto a su padre en la Comisar\u00eda Tercera de Concordia para radicar una denuncia contra personal de la polic\u00eda motorizada.<\/p>\n\n\n\n<p>El menor sostiene que las lesiones que presenta -entre estas, la p\u00e9rdida de varias piezas dentales y golpes en el rostro- no habr\u00edan sido provocadas \u00fanicamente por el accidente, sino por una presunta agresi\u00f3n policial posterior al impacto.<\/p>\n\n\n\n<p>En di\u00e1logo con un cronista de<em>&nbsp;7Paginas,<\/em>&nbsp;el joven relat\u00f3 que momentos antes del choque, estaba estacionado en zona de la costanera Nebel y que se asust\u00f3 frente al procedimiento de las autoridades por lo que decidi\u00f3 alejarse del lugar, incluso olvidando el caso, y que luego hab\u00eda sido perseguido por los polic\u00edas durante varias cuadras, desde la zona de la Costanera Nebel hasta la intersecci\u00f3n donde ocurri\u00f3 el siniestro.<\/p>\n\n\n\n<p>\u201cYo ven\u00eda frenando porque ya sab\u00eda que ten\u00eda a la polic\u00eda cerca. Toqu\u00e9 la camioneta en el guardabarros trasero y ca\u00ed en la calle. Despu\u00e9s recuerdo que me levantan y me llevan a la vereda, y ah\u00ed qued\u00e9 inconsciente\u201d, asegur\u00f3.<\/p>\n\n\n\n<p>Ram\u00edrez tambi\u00e9n afirm\u00f3 que perdi\u00f3 tres o cuatro dientes, sufri\u00f3 una profunda cortadura que va desde el labio hasta la nariz y presentaba golpes en el rostro y el cuerpo.<\/p>\n\n\n\n<p>\u201cEl m\u00e9dico nos dijo que mi estado no coincide con el accidente\u201d, expres\u00f3 el adolescente, quien adem\u00e1s se\u00f1al\u00f3 que en su ropa hab\u00eda marcas de pisadas y golpes que, seg\u00fan sostiene, habr\u00edan sido producto de una agresi\u00f3n.<\/p>\n\n\n\n<p>Un dato no menor es el peque\u00f1o rasp\u00f3n que presenta la camioneta y que sobre el asfalto no se visualiza sangre del menor.<\/p>\n\n\n\n<p>El joven tambi\u00e9n indic\u00f3 que, mientras se encontraba inconsciente, habr\u00edan tomado fotograf\u00edas de su estado, situaci\u00f3n que asegura no recordar pero que le fue comentada posteriormente.<\/p>\n\n\n\n<figure class=\"wp-block-image size-full is-resized\"><img loading=\"lazy\" decoding=\"async\" width=\"396\" height=\"409\" src=\"https:\/\/resumenprovincial.com.ar\/wp-content\/uploads\/2026\/03\/Screenshot_81.png\" alt=\"\" class=\"wp-image-29771\" style=\"width:816px;height:auto\" srcset=\"https:\/\/resumenprovincial.com.ar\/wp-content\/uploads\/2026\/03\/Screenshot_81.png 396w, https:\/\/resumenprovincial.com.ar\/wp-content\/uploads\/2026\/03\/Screenshot_81-290x300.png 290w\" sizes=\"auto, (max-width: 396px) 100vw, 396px\" \/><\/figure>\n\n\n\n<p>A partir de la denuncia presentada por el menor y su familia, se espera que la Justicia determine si las lesiones fueron producto exclusivamente del accidente o si existi\u00f3 un exceso en el accionar policial luego del siniestro.<\/p>\n\n\n\n<p><\/p>\n\n\n\n<p><\/p>\n","protected":false},"excerpt":{"rendered":"<p>Un adolescente de 17 a&ntilde;os denunci&oacute; haber sido agredido por efectivos policiales luego de protagonizar un accidente de tr&aacute;nsito ocurrido&hellip;<\/p>\n","protected":false},"author":2,"featured_media":29772,"comment_status":"closed","ping_status":"closed","sticky":false,"template":"","format":"standard","meta":{"footnotes":""},"categories":[47],"tags":[],"class_list":["post-29766","post","type-post","status-publish","format-standard","has-post-thumbnail","hentry","category-policiales"],"_links":{"self":[{"href":"https:\/\/resumenprovincial.com.ar\/index.php?rest_route=\/wp\/v2\/posts\/29766","targetHints":{"allow":["GET"]}}],"collection":[{"href":"https:\/\/resumenprovincial.com.ar\/index.php?rest_route=\/wp\/v2\/posts"}],"about":[{"href":"https:\/\/resumenprovincial.com.ar\/index.php?rest_route=\/wp\/v2\/types\/post"}],"author":[{"embeddable":true,"href":"https:\/\/resumenprovincial.com.ar\/index.php?rest_route=\/wp\/v2\/users\/2"}],"replies":[{"embeddable":true,"href":"https:\/\/resumenprovincial.com.ar\/index.php?rest_route=%2Fwp%2Fv2%2Fcomments&post=29766"}],"version-history":[{"count":2,"href":"https:\/\/resumenprovincial.com.ar\/index.php?rest_route=\/wp\/v2\/posts\/29766\/revisions"}],"predecessor-version":[{"id":29773,"href":"https:\/\/resumenprovincial.com.ar\/index.php?rest_route=\/wp\/v2\/posts\/29766\/revisions\/29773"}],"wp:featuredmedia":[{"embeddable":true,"href":"https:\/\/resumenprovincial.com.ar\/index.php?rest_route=\/wp\/v2\/media\/29772"}],"wp:attachment":[{"href":"https:\/\/resumenprovincial.com.ar\/index.php?rest_route=%2Fwp%2Fv2%2Fmedia&parent=29766"}],"wp:term":[{"taxonomy":"category","embeddable":true,"href":"https:\/\/resumenprovincial.com.ar\/index.php?rest_route=%2Fwp%2Fv2%2Fcategories&post=29766"},{"taxonomy":"post_tag","embeddable":true,"href":"https:\/\/resumenprovincial.com.ar\/index.php?rest_route=%2Fwp%2Fv2%2Ftags&post=29766"}],"curies":[{"name":"wp","href":"https:\/\/api.w.org\/{rel}","templated":true}]}}