{"id":29776,"date":"2026-03-16T16:24:11","date_gmt":"2026-03-16T19:24:11","guid":{"rendered":"https:\/\/resumenprovincial.com.ar\/?p=29776"},"modified":"2026-03-16T16:29:42","modified_gmt":"2026-03-16T19:29:42","slug":"en-mayo-del-2025-concejales-de-la-oposicion-le-pidieron-a-azcue-un-informe-nunca-respondido-sobre-la-casta-de-las-pantuflas","status":"publish","type":"post","link":"https:\/\/resumenprovincial.com.ar\/?p=29776","title":{"rendered":"En mayo del 2025, concejales de la oposici\u00f3n le pidieron a Azcue un informe nunca respondido sobre \u00abLa Casta de las Pantuflas\u00bb"},"content":{"rendered":"\n<p>Luego de conocida la informaci\u00f3n sobre la intimaci\u00f3n que la Caja de Jubilaciones de Entre R\u00edos realiz\u00f3&nbsp; al Municipio ante la posible existencia de funcionarios que percibieron la jubilaci\u00f3n provincial y un sueldo del Estado local, el Bloque de Concejales del Justicialismo record\u00f3 que en mayo del a\u00f1o pasado presentaron un pedido de informes sobre este tema, y nunca fue respondido.<\/p>\n\n\n\n<figure class=\"wp-block-image size-large\"><img loading=\"lazy\" decoding=\"async\" width=\"1024\" height=\"682\" src=\"https:\/\/resumenprovincial.com.ar\/wp-content\/uploads\/2026\/03\/1000661081-1024x682.webp\" alt=\"\" class=\"wp-image-29779\" srcset=\"https:\/\/resumenprovincial.com.ar\/wp-content\/uploads\/2026\/03\/1000661081-1024x682.webp 1024w, https:\/\/resumenprovincial.com.ar\/wp-content\/uploads\/2026\/03\/1000661081-300x200.webp 300w, https:\/\/resumenprovincial.com.ar\/wp-content\/uploads\/2026\/03\/1000661081-768x512.webp 768w, https:\/\/resumenprovincial.com.ar\/wp-content\/uploads\/2026\/03\/1000661081.webp 1280w\" sizes=\"auto, (max-width: 1024px) 100vw, 1024px\" \/><\/figure>\n\n\n\n<p>La situaci\u00f3n desat\u00f3 un revuelo en el ambiente pol\u00edtico durante todo el fin de semana. El Ejecutivo Municipal no sabe c\u00f3mo resolverlo y hasta se lleg\u00f3 a barajar la posibilidad de renuncia de los implicados, entre ellos Carlos Gatto y Federico Schattenhofer, los funcionarios con m\u00e1s alto rango involucrados.<\/p>\n\n\n\n<p>Esto ya hab\u00eda sido advertida en mayo de 2025 a trav\u00e9s de un pedido de informes presentado en el Concejo Deliberante. Por entonces, los ediles de la oposici\u00f3n solicitaban informaci\u00f3n sobre posibles incompatibilidades en el r\u00e9gimen de contrataci\u00f3n de funcionarios municipales. En ese planteo advert\u00edan que los funcionarios p\u00fablicos pueden incurrir en situaciones de incompatibilidad cuando perciben haberes previsionales o participan en contratos o v\u00ednculos laborales que comprometen su imparcialidad o violan las normas previsionales vigentes.<\/p>\n\n\n\n<h3 class=\"wp-block-heading\">JubiladoGate: el pedido de informes<\/h3>\n\n\n\n<p>El proyecto tratado en los primeros meses del per\u00edodo del a\u00f1o pasado, fue aprobado y remitido al Departamento Ejecutivo Municipal. Solicitaban:<\/p>\n\n\n\n<ul class=\"wp-block-list\">\n<li>La n\u00f3mina de funcionarios registrados como prestadores de servicios de la Municipalidad de Concordia.<\/li>\n\n\n\n<li>La n\u00f3mina de funcionarios que perciben haberes bajo el C\u00f3digo 600 u otra modalidad no remunerativa, detallando montos, conceptos y frecuencia de pago.<\/li>\n\n\n\n<li>Las suspensiones de haberes previsionales de funcionarios jubilados designados en cargos dentro del municipio.<\/li>\n<\/ul>\n\n\n\n<p>El objetivo, seg\u00fan se le\u00eda en los fundamentos de ese proyecto, era determinar si exist\u00edan situaciones incompatibles entre el cobro de jubilaciones y el desempe\u00f1o de funciones dentro de la estructura municipal, particularmente en casos donde los pagos se realizan mediante modalidades contractuales o c\u00f3digos no remunerativos.<\/p>\n\n\n\n<p><strong>La respuesta nunca lleg\u00f3.<\/strong><\/p>\n\n\n\n<p>Ahora, luego de la investigaci\u00f3n realizada por el periodista Federico Odorisio y al haber salido a la luz la intimaci\u00f3n emitida por la Caja de Jubilaciones en enero de este a\u00f1o, se desat\u00f3 una crisis dentro del gabinete que conduce Francisco Azcu\u00e9. Tanto que algunos habr\u00edan llegado a se\u00f1alar la \u00abincapacidad\u00bb del Secretario de Gobierno, a quien ciertos sectores querr\u00edan responsabilizar del esc\u00e1ndalo.<\/p>\n\n\n\n<p><strong><em>Fuente: Diario Concordia <\/em><\/strong><\/p>\n","protected":false},"excerpt":{"rendered":"<p>Luego de conocida la informaci&oacute;n sobre la intimaci&oacute;n que la Caja de Jubilaciones de Entre R&iacute;os realiz&oacute;&nbsp; al Municipio ante&hellip;<\/p>\n","protected":false},"author":2,"featured_media":29782,"comment_status":"closed","ping_status":"closed","sticky":false,"template":"","format":"standard","meta":{"footnotes":""},"categories":[37],"tags":[],"class_list":["post-29776","post","type-post","status-publish","format-standard","has-post-thumbnail","hentry","category-politica"],"_links":{"self":[{"href":"https:\/\/resumenprovincial.com.ar\/index.php?rest_route=\/wp\/v2\/posts\/29776","targetHints":{"allow":["GET"]}}],"collection":[{"href":"https:\/\/resumenprovincial.com.ar\/index.php?rest_route=\/wp\/v2\/posts"}],"about":[{"href":"https:\/\/resumenprovincial.com.ar\/index.php?rest_route=\/wp\/v2\/types\/post"}],"author":[{"embeddable":true,"href":"https:\/\/resumenprovincial.com.ar\/index.php?rest_route=\/wp\/v2\/users\/2"}],"replies":[{"embeddable":true,"href":"https:\/\/resumenprovincial.com.ar\/index.php?rest_route=%2Fwp%2Fv2%2Fcomments&post=29776"}],"version-history":[{"count":2,"href":"https:\/\/resumenprovincial.com.ar\/index.php?rest_route=\/wp\/v2\/posts\/29776\/revisions"}],"predecessor-version":[{"id":29780,"href":"https:\/\/resumenprovincial.com.ar\/index.php?rest_route=\/wp\/v2\/posts\/29776\/revisions\/29780"}],"wp:featuredmedia":[{"embeddable":true,"href":"https:\/\/resumenprovincial.com.ar\/index.php?rest_route=\/wp\/v2\/media\/29782"}],"wp:attachment":[{"href":"https:\/\/resumenprovincial.com.ar\/index.php?rest_route=%2Fwp%2Fv2%2Fmedia&parent=29776"}],"wp:term":[{"taxonomy":"category","embeddable":true,"href":"https:\/\/resumenprovincial.com.ar\/index.php?rest_route=%2Fwp%2Fv2%2Fcategories&post=29776"},{"taxonomy":"post_tag","embeddable":true,"href":"https:\/\/resumenprovincial.com.ar\/index.php?rest_route=%2Fwp%2Fv2%2Ftags&post=29776"}],"curies":[{"name":"wp","href":"https:\/\/api.w.org\/{rel}","templated":true}]}}