{"id":29787,"date":"2026-03-16T18:37:31","date_gmt":"2026-03-16T21:37:31","guid":{"rendered":"https:\/\/resumenprovincial.com.ar\/?p=29787"},"modified":"2026-03-16T18:39:51","modified_gmt":"2026-03-16T21:39:51","slug":"el-dolar-oficial-bajo-y-se-alejo-del-techo-de-la-banda-cambiaria","status":"publish","type":"post","link":"https:\/\/resumenprovincial.com.ar\/?p=29787","title":{"rendered":"El d\u00f3lar oficial baj\u00f3 y se alej\u00f3 del techo de la banda cambiaria"},"content":{"rendered":"\n<p>La cotizaci\u00f3n mayorista retrocedi\u00f3 hasta los $1.396 y qued\u00f3 casi 17% por debajo del l\u00edmite superior de la banda cambiaria. El mercado cambiario oper\u00f3 con volatilidad en un contexto internacional complejo.<\/p>\n\n\n\n<p>El&nbsp;<strong>d\u00f3lar oficial registr\u00f3 este lunes una nueva baja en el mercado mayorista<\/strong>&nbsp;y ampli\u00f3 la distancia con el techo de la banda cambiaria, alcanzando el nivel m\u00e1s amplio en m\u00e1s de ocho meses. La divisa estadounidense ven\u00eda de anotar la semana pasada su primera ca\u00edda semanal de marzo, en un contexto de volatilidad internacional y se\u00f1ales mixtas tras el \u00faltimo dato de inflaci\u00f3n.<\/p>\n\n\n\n<p>Durante la jornada, el&nbsp;<strong>tipo de cambio mayorista cay\u00f3 $4 y cerr\u00f3 en $1.396<\/strong>. Con ese valor, la cotizaci\u00f3n qued\u00f3 aproximadamente&nbsp;<strong>16,9% por debajo del techo de la banda cambiaria<\/strong>, que se ubica en $1.632,48.<\/p>\n\n\n\n<p>En el mercado de contado se negociaron m\u00e1s de&nbsp;<strong>u$s370,9 millones<\/strong>, mientras que el volumen total operado durante el d\u00eda alcanz\u00f3 los&nbsp;<strong>u$s897 millones<\/strong>.<\/p>\n\n\n\n<h3 class=\"wp-block-heading\"><\/h3>\n\n\n\n<h3 class=\"wp-block-heading\">Qu\u00e9 ocurri\u00f3 con los d\u00f3lares financieros<\/h3>\n\n\n\n<p>En paralelo, los contratos de&nbsp;<strong>d\u00f3lar futuro registraron bajas generalizadas de hasta 0,6%<\/strong>. Las proyecciones del mercado indican que el d\u00f3lar mayorista podr\u00eda ubicarse en torno a&nbsp;<strong>$1.410 hacia fines de marzo<\/strong>.<\/p>\n\n\n\n<p>En el segmento minorista, el&nbsp;<strong>d\u00f3lar oficial cerr\u00f3 a $1.415 para la venta en el Banco Naci\u00f3n<\/strong>, mientras que el promedio del sistema financiero relevado por el Banco Central se ubic\u00f3 en&nbsp;<strong>$1.415,85<\/strong>.<\/p>\n\n\n\n<p>El&nbsp;<strong>d\u00f3lar tarjeta o turista<\/strong>, que incluye el recargo del 30% deducible del Impuesto a las Ganancias, alcanz\u00f3 los&nbsp;<strong>$1.839,50<\/strong>.<\/p>\n\n\n\n<p>Por su parte, los&nbsp;<strong>d\u00f3lares financieros mostraron comportamientos dispares<\/strong>. El d\u00f3lar MEP retrocedi\u00f3 0,3% y se ubic\u00f3 en&nbsp;<strong>$1.419,92<\/strong>, mientras que el contado con liquidaci\u00f3n (CCL) subi\u00f3 levemente 0,1% hasta&nbsp;<strong>$1.470,36<\/strong>.<\/p>\n\n\n\n<p>En tanto, el&nbsp;<strong>d\u00f3lar blue avanz\u00f3 hasta los $1.425 para la venta<\/strong>, ubic\u00e1ndose nuevamente por encima del d\u00f3lar MEP y cerca de $30 por encima del tipo de cambio oficial.<\/p>\n\n\n\n<h3 class=\"wp-block-heading\">La baja semanal y el contexto internacional<\/h3>\n\n\n\n<p>La divisa estadounidense acumul\u00f3 la semana pasada&nbsp;<strong>una ca\u00edda de $16<\/strong>, lo que marc\u00f3 su primera baja semanal en marzo. Este movimiento se dio pese a un contexto internacional en el que el d\u00f3lar se fortaleci\u00f3 frente a otras monedas.<\/p>\n\n\n\n<p>El&nbsp;<strong>\u00edndice d\u00f3lar global subi\u00f3 alrededor de 1,3%<\/strong>, mientras que la demanda internacional por la divisa se mantuvo firme en medio de la suba del precio del petr\u00f3leo, que volvi\u00f3 a superar los&nbsp;<strong>100 d\u00f3lares por barril por primera vez en 2026<\/strong>.<\/p>\n\n\n\n<p>El economista&nbsp;<strong>Gustavo Ber<\/strong>&nbsp;explic\u00f3 que la tendencia del tipo de cambio mayorista responde, en parte, a un escenario de mayor disponibilidad de divisas.<\/p>\n\n\n\n<p>\u201cEl d\u00f3lar mayorista sigue aflojando y llega a testear la zona de los $1.390 dentro de un clima de exceso de divisas que podr\u00eda acelerarse pr\u00f3ximamente por las liquidaciones del campo\u201d, se\u00f1al\u00f3.<\/p>\n\n\n\n<p>El especialista agreg\u00f3 que el foco del mercado tambi\u00e9n est\u00e1 puesto en la din\u00e1mica monetaria y en el manejo de pesos en circulaci\u00f3n.<\/p>\n\n\n\n<p>\u201cLas miradas se dirigen a la din\u00e1mica de los pesos, ya que liberarlos o absorberlos depender\u00e1 de la reacci\u00f3n de la demanda de dinero. De lo contrario, el objetivo de acumulaci\u00f3n de reservas podr\u00eda tensionarse con el de desinflaci\u00f3n\u201d, analiz\u00f3.<\/p>\n\n\n\n<h3 class=\"wp-block-heading\">Compras del Banco Central y reservas<\/h3>\n\n\n\n<p>En paralelo, el&nbsp;<strong>Banco Central contin\u00faa con su estrategia de compras en el mercado oficial de cambios<\/strong>. En la \u00faltima rueda adquiri\u00f3&nbsp;<strong>u$s86 millones<\/strong>, una de las mayores compras registradas en lo que va del mes.<\/p>\n\n\n\n<p>De esta manera, la autoridad monetaria acumula&nbsp;<strong>u$s3.206 millones en compras durante 2026<\/strong>.<\/p>\n\n\n\n<p>Desde comienzos de a\u00f1o, el Banco Central viene interviniendo de manera sistem\u00e1tica en el&nbsp;<strong>Mercado Libre de Cambios (MLC)<\/strong>. Aunque inicialmente hab\u00eda planteado un l\u00edmite de absorci\u00f3n cercano al 5% del volumen operado, las compras superaron ese nivel sin generar presiones significativas sobre el tipo de cambio.<\/p>\n\n\n\n<p>Sin embargo, el contexto internacional contin\u00faa impactando en el nivel de reservas brutas.<\/p>\n\n\n\n<p>En la \u00faltima jornada, las reservas&nbsp;<strong>cayeron u$s272 millones y se ubicaron en u$s45.771 millones<\/strong>, principalmente por la baja en el precio del oro, uno de los activos que integran las reservas del organismo.<\/p>\n\n\n\n<p>A pesar del saldo positivo de intervenci\u00f3n en el mercado cambiario durante el a\u00f1o,&nbsp;<strong>las reservas netas contin\u00faan en terreno negativo<\/strong>, con una estimaci\u00f3n cercana a&nbsp;<strong>-u$s1.239 millones<\/strong>, lo que sigue siendo uno de los principales desaf\u00edos para la pol\u00edtica econ\u00f3mica.<\/p>\n\n\n\n<p><\/p>\n","protected":false},"excerpt":{"rendered":"<p>La cotizaci&oacute;n mayorista retrocedi&oacute; hasta los $1.396 y qued&oacute; casi 17% por debajo del l&iacute;mite superior de la banda cambiaria.&hellip;<\/p>\n","protected":false},"author":2,"featured_media":29790,"comment_status":"closed","ping_status":"closed","sticky":false,"template":"","format":"standard","meta":{"footnotes":""},"categories":[48],"tags":[],"class_list":["post-29787","post","type-post","status-publish","format-standard","has-post-thumbnail","hentry","category-economia"],"_links":{"self":[{"href":"https:\/\/resumenprovincial.com.ar\/index.php?rest_route=\/wp\/v2\/posts\/29787","targetHints":{"allow":["GET"]}}],"collection":[{"href":"https:\/\/resumenprovincial.com.ar\/index.php?rest_route=\/wp\/v2\/posts"}],"about":[{"href":"https:\/\/resumenprovincial.com.ar\/index.php?rest_route=\/wp\/v2\/types\/post"}],"author":[{"embeddable":true,"href":"https:\/\/resumenprovincial.com.ar\/index.php?rest_route=\/wp\/v2\/users\/2"}],"replies":[{"embeddable":true,"href":"https:\/\/resumenprovincial.com.ar\/index.php?rest_route=%2Fwp%2Fv2%2Fcomments&post=29787"}],"version-history":[{"count":1,"href":"https:\/\/resumenprovincial.com.ar\/index.php?rest_route=\/wp\/v2\/posts\/29787\/revisions"}],"predecessor-version":[{"id":29788,"href":"https:\/\/resumenprovincial.com.ar\/index.php?rest_route=\/wp\/v2\/posts\/29787\/revisions\/29788"}],"wp:featuredmedia":[{"embeddable":true,"href":"https:\/\/resumenprovincial.com.ar\/index.php?rest_route=\/wp\/v2\/media\/29790"}],"wp:attachment":[{"href":"https:\/\/resumenprovincial.com.ar\/index.php?rest_route=%2Fwp%2Fv2%2Fmedia&parent=29787"}],"wp:term":[{"taxonomy":"category","embeddable":true,"href":"https:\/\/resumenprovincial.com.ar\/index.php?rest_route=%2Fwp%2Fv2%2Fcategories&post=29787"},{"taxonomy":"post_tag","embeddable":true,"href":"https:\/\/resumenprovincial.com.ar\/index.php?rest_route=%2Fwp%2Fv2%2Ftags&post=29787"}],"curies":[{"name":"wp","href":"https:\/\/api.w.org\/{rel}","templated":true}]}}