{"id":29792,"date":"2026-03-16T19:40:55","date_gmt":"2026-03-16T22:40:55","guid":{"rendered":"https:\/\/resumenprovincial.com.ar\/?p=29792"},"modified":"2026-03-25T14:03:42","modified_gmt":"2026-03-25T17:03:42","slug":"caso-libra-diputados-denunciaran-al-fiscal-y-pediran-explicaciones-a-javier-y-karina-milei","status":"publish","type":"post","link":"https:\/\/resumenprovincial.com.ar\/?p=29792","title":{"rendered":"Caso $LIBRA: diputados denunciar\u00e1n al fiscal y pedir\u00e1n explicaciones a Javier y Karina Milei"},"content":{"rendered":"\n<p>Diputados y exintegrantes de la comisi\u00f3n investigadora del caso $LIBRA anunciaron nuevas acciones tras conocerse peritajes que revelaron comunicaciones entre Mauricio Novelli, los hermanos Milei y el asesor Santiago Caputo. Tambi\u00e9n impulsar\u00e1n interpelaciones y denuncias judiciales.<\/p>\n\n\n\n<p><strong>El caso $LIBRA volvi\u00f3 a sacudir el escenario pol\u00edtico argentino<\/strong>&nbsp;luego de que diputados y exdiputados que integraron la comisi\u00f3n investigadora del Congreso anunciaran una serie de medidas tras conocerse nuevas pericias que revelaron comunicaciones entre el empresario Mauricio Novelli, el presidente Javier Milei, su hermana Karina Milei y el asesor presidencial Santiago Caputo.<\/p>\n\n\n\n<p>Las definiciones se dieron durante una conferencia de prensa realizada en el Anexo de la C\u00e1mara de Diputados, donde los legisladores presentaron una bater\u00eda de iniciativas pol\u00edticas y judiciales vinculadas al presunto fraude relacionado con la criptomoneda $LIBRA.<\/p>\n\n\n\n<figure class=\"wp-block-image size-full is-resized\"><img loading=\"lazy\" decoding=\"async\" width=\"767\" height=\"510\" src=\"https:\/\/resumenprovincial.com.ar\/wp-content\/uploads\/2026\/03\/Screenshot_82.png\" alt=\"\" class=\"wp-image-29793\" style=\"width:840px;height:auto\" srcset=\"https:\/\/resumenprovincial.com.ar\/wp-content\/uploads\/2026\/03\/Screenshot_82.png 767w, https:\/\/resumenprovincial.com.ar\/wp-content\/uploads\/2026\/03\/Screenshot_82-300x199.png 300w\" sizes=\"auto, (max-width: 767px) 100vw, 767px\" \/><\/figure>\n\n\n\n<p>Seg\u00fan se\u00f1alaron, los peritajes realizados sobre el tel\u00e9fono de Novelli confirmaron contactos directos entre el impulsor de la criptomoneda y funcionarios del entorno presidencial el mismo d\u00eda en que se produjo la maniobra que deriv\u00f3 en la pol\u00e9mica financiera.<\/p>\n\n\n\n<p>En ese contexto, el diputado y presidente de la Coalici\u00f3n C\u00edvica, Maximiliano Ferraro, sostuvo que las nuevas pruebas refuerzan las conclusiones del informe final elaborado por la comisi\u00f3n investigadora el a\u00f1o pasado.<\/p>\n\n\n\n<h2 class=\"wp-block-heading\">Una conferencia con fuertes acusaciones pol\u00edticas<\/h2>\n\n\n\n<p>La conferencia de prensa reuni\u00f3 a los legisladores que integraron la comisi\u00f3n investigadora que durante tres meses analiz\u00f3 el caso $LIBRA. El encuentro se realiz\u00f3 ante una sala colmada de periodistas, aunque, seg\u00fan denunciaron los propios diputados, las autoridades de la C\u00e1mara resolvieron no transmitir el evento en vivo.<\/p>\n\n\n\n<figure class=\"wp-block-image size-full is-resized\"><img loading=\"lazy\" decoding=\"async\" width=\"622\" height=\"417\" src=\"https:\/\/resumenprovincial.com.ar\/wp-content\/uploads\/2026\/03\/Screenshot_84.png\" alt=\"\" class=\"wp-image-29794\" style=\"width:814px;height:auto\" srcset=\"https:\/\/resumenprovincial.com.ar\/wp-content\/uploads\/2026\/03\/Screenshot_84.png 622w, https:\/\/resumenprovincial.com.ar\/wp-content\/uploads\/2026\/03\/Screenshot_84-300x201.png 300w\" sizes=\"auto, (max-width: 622px) 100vw, 622px\" \/><\/figure>\n\n\n\n<p>\u201cHan resuelto las autoridades de la C\u00e1mara no transmitir en vivo la conferencia\u201d, advirti\u00f3 Ferraro al inicio de la exposici\u00f3n, antes de presentar los resultados del an\u00e1lisis de las nuevas pruebas conocidas en los \u00faltimos d\u00edas.<\/p>\n\n\n\n<p>El legislador afirm\u00f3 que las pericias al celular de Novelli revelaron que el empresario mantuvo conversaciones telef\u00f3nicas fluidas con Javier Milei y Karina Milei durante la jornada en la que se produjo la presunta estafa vinculada al lanzamiento del token. \u201cEstamos frente a una estafa y a un hecho de corrupci\u00f3n millonario\u201d, afirm\u00f3 Ferraro durante la conferencia.<\/p>\n\n\n\n<h2 class=\"wp-block-heading\">El rol del Presidente en la investigaci\u00f3n<\/h2>\n\n\n\n<p>Durante su intervenci\u00f3n, el diputado record\u00f3 que el informe final elaborado por la comisi\u00f3n investigadora ya hab\u00eda se\u00f1alado la posible participaci\u00f3n del Presidente en la maniobra. \u201c$LIBRA tuvo al Presidente como part\u00edcipe necesario\u201d, afirm\u00f3 Ferraro, quien sostuvo que los nuevos peritajes \u201cson m\u00e1s que contundentes\u201d y confirman lo que los legisladores ven\u00edan se\u00f1alando desde el inicio de la investigaci\u00f3n.<\/p>\n\n\n\n<p>En ese sentido, el legislador insisti\u00f3 en que el lanzamiento de la criptomoneda no fue una acci\u00f3n improvisada sino que se trat\u00f3 de una operaci\u00f3n previamente organizada. \u201cEl lanzamiento de $LIBRA no fue improvisado, fue una acci\u00f3n premeditada y coordinada\u201d, se\u00f1al\u00f3.<\/p>\n\n\n\n<p>Ferraro agreg\u00f3 que los nuevos elementos surgidos de la investigaci\u00f3n refuerzan la hip\u00f3tesis de que existi\u00f3 un v\u00ednculo directo entre el entorno presidencial y los impulsores de la criptomoneda.<\/p>\n\n\n\n<figure class=\"wp-block-image size-full is-resized\"><img loading=\"lazy\" decoding=\"async\" width=\"623\" height=\"411\" src=\"https:\/\/resumenprovincial.com.ar\/wp-content\/uploads\/2026\/03\/Screenshot_85.png\" alt=\"\" class=\"wp-image-29795\" style=\"width:805px;height:auto\" srcset=\"https:\/\/resumenprovincial.com.ar\/wp-content\/uploads\/2026\/03\/Screenshot_85.png 623w, https:\/\/resumenprovincial.com.ar\/wp-content\/uploads\/2026\/03\/Screenshot_85-300x198.png 300w\" sizes=\"auto, (max-width: 623px) 100vw, 623px\" \/><\/figure>\n\n\n\n<h2 class=\"wp-block-heading\">Denuncias y pedidos de investigaci\u00f3n<\/h2>\n\n\n\n<p>A partir de las nuevas pruebas conocidas, los legisladores anunciaron una serie de medidas pol\u00edticas y judiciales que buscar\u00e1n impulsar desde el Congreso. Entre ellas, adelantaron que ejecutar\u00e1n la resoluci\u00f3n de la comisi\u00f3n investigadora para denunciar al fiscal Eduardo Taiano ante el Tribunal de Disciplina del Ministerio P\u00fablico Fiscal.<\/p>\n\n\n\n<p>Seg\u00fan argumentaron, el fiscal habr\u00eda entorpecido el pleno ejercicio de las facultades constitucionales del Congreso durante el desarrollo de la investigaci\u00f3n parlamentaria. Adem\u00e1s, solicitar\u00e1n formalmente que Taiano sea apartado de la causa por el presunto entorpecimiento de la investigaci\u00f3n y por un posible encubrimiento de los hechos denunciados.<\/p>\n\n\n\n<h2 class=\"wp-block-heading\">Interpelaciones y pedidos de informes<\/h2>\n\n\n\n<p>Otra de las iniciativas anunciadas por los diputados apunta a requerir explicaciones directas a los funcionarios involucrados en el caso.<\/p>\n\n\n\n<p>En ese marco, impulsar\u00e1n un pedido de informes dirigido al Poder Ejecutivo Nacional para que los funcionarios mencionados en las investigaciones period\u00edsticas expliquen el contenido de sus conversaciones telef\u00f3nicas con el empresario Mauricio Novelli.<\/p>\n\n\n\n<p>El requerimiento alcanzar\u00e1 al presidente Javier Milei, a la secretaria general de la Presidencia Karina Milei, al asesor Santiago Caputo y al funcionario Demian Reidel. Adem\u00e1s, los legisladores anunciaron que solicitar\u00e1n la interpelaci\u00f3n del jefe de Gabinete, Manuel Adorni, y de Karina Milei para que comparezcan ante el Congreso y den explicaciones sobre el caso.<\/p>\n\n\n\n<h2 class=\"wp-block-heading\">Advertencias sobre responsabilidades pol\u00edticas<\/h2>\n\n\n\n<p>El vicepresidente de la comisi\u00f3n investigadora, Juan Marino, afirm\u00f3 durante la conferencia que el objetivo de estas medidas es permitir que los funcionarios involucrados puedan dar explicaciones p\u00fablicas. \u201cLe estamos dando la oportunidad de que expliquen\u201d, se\u00f1al\u00f3 el legislador.<\/p>\n\n\n\n<p>Marino sostuvo que la negativa del Gobierno a brindar informaci\u00f3n sobre el caso genera sospechas adicionales.<\/p>\n\n\n\n<p>\u201cSu silencio, su ataque al periodismo y su rechazo a cualquier tipo de investigaci\u00f3n los autoincrimina\u201d, expres\u00f3. Adem\u00e1s, remarc\u00f3 que el Congreso tiene la responsabilidad constitucional de ejercer control sobre el Poder Ejecutivo.<\/p>\n\n\n\n<figure class=\"wp-block-image size-full is-resized\"><img loading=\"lazy\" decoding=\"async\" width=\"618\" height=\"415\" src=\"https:\/\/resumenprovincial.com.ar\/wp-content\/uploads\/2026\/03\/Screenshot_86.png\" alt=\"\" class=\"wp-image-29796\" style=\"width:798px;height:auto\" srcset=\"https:\/\/resumenprovincial.com.ar\/wp-content\/uploads\/2026\/03\/Screenshot_86.png 618w, https:\/\/resumenprovincial.com.ar\/wp-content\/uploads\/2026\/03\/Screenshot_86-300x201.png 300w\" sizes=\"auto, (max-width: 618px) 100vw, 618px\" \/><\/figure>\n\n\n\n<h2 class=\"wp-block-heading\">Las conclusiones del informe final de la comisi\u00f3n<\/h2>\n\n\n\n<p>Los legisladores tambi\u00e9n recordaron las principales conclusiones del informe final elaborado por la comisi\u00f3n investigadora del caso $LIBRA, que ya hab\u00eda advertido sobre posibles responsabilidades pol\u00edticas del Presidente.<\/p>\n\n\n\n<p>Seg\u00fan ese documento, el mandatario \u201chabr\u00eda prestado una colaboraci\u00f3n imprescindible para la realizaci\u00f3n de la maniobra\u201d que deriv\u00f3 en el presunto fraude vinculado a la criptomoneda.<\/p>\n\n\n\n<p>Uno de los puntos centrales del informe fue la publicaci\u00f3n por parte del Presidente de un n\u00famero de contrato de 44 caracteres vinculado al token $LIBRA. Los legisladores se\u00f1alaron que ese c\u00f3digo no era de acceso p\u00fablico y que, hasta el momento, el mandatario no explic\u00f3 c\u00f3mo obtuvo ese dato.<\/p>\n\n\n\n<h2 class=\"wp-block-heading\">Datos sobre los usuarios afectados<\/h2>\n\n\n\n<p>Otro de los elementos que surgieron durante la investigaci\u00f3n parlamentaria estuvo relacionado con la cantidad de personas que habr\u00edan operado con la criptomoneda.<\/p>\n\n\n\n<p>En su momento, el Presidente hab\u00eda afirmado en una entrevista televisiva que el n\u00famero de argentinos involucrados en las operaciones no superaba los cinco usuarios.<\/p>\n\n\n\n<figure class=\"wp-block-image size-full\"><img loading=\"lazy\" decoding=\"async\" width=\"900\" height=\"600\" src=\"https:\/\/resumenprovincial.com.ar\/wp-content\/uploads\/2026\/03\/1000661431.webp\" alt=\"\" class=\"wp-image-29801\" srcset=\"https:\/\/resumenprovincial.com.ar\/wp-content\/uploads\/2026\/03\/1000661431.webp 900w, https:\/\/resumenprovincial.com.ar\/wp-content\/uploads\/2026\/03\/1000661431-300x200.webp 300w, https:\/\/resumenprovincial.com.ar\/wp-content\/uploads\/2026\/03\/1000661431-768x512.webp 768w\" sizes=\"auto, (max-width: 900px) 100vw, 900px\" \/><\/figure>\n\n\n\n<p>Sin embargo, seg\u00fan los datos que recibi\u00f3 la comisi\u00f3n investigadora, la plataforma Ripio inform\u00f3 oficialmente que al menos 1.329 ciudadanos argentinos operaron con el token $LIBRA.<\/p>\n\n\n\n<p>Adem\u00e1s, informes t\u00e9cnicos posteriores indicaron que un total de 114.410 billeteras virtuales registraron p\u00e9rdidas vinculadas a esa criptomoneda.<\/p>\n\n\n\n<h2 class=\"wp-block-heading\">Un caso con impacto institucional<\/h2>\n\n\n\n<p>El informe final de la comisi\u00f3n investigadora tambi\u00e9n plante\u00f3 que el caso $LIBRA podr\u00eda tener implicancias institucionales relevantes.<\/p>\n\n\n\n<p>\u201cPor la alta gravedad institucional y la malversaci\u00f3n de la investidura presidencial, esta comisi\u00f3n se\u00f1ala que Javier Milei y Karina Milei tienen responsabilidad pol\u00edtica en la sucesi\u00f3n de hechos vinculados a la criptomoneda $LIBRA\u201d, indicaron los legisladores.<\/p>\n\n\n\n<p>En ese documento tambi\u00e9n se plante\u00f3 que el Congreso deber\u00eda evaluar si el Presidente incurri\u00f3 en \u201cmal desempe\u00f1o en el ejercicio de sus funciones\u201d.<\/p>\n\n\n\n<p>Esa conclusi\u00f3n dejaba abierta la posibilidad de que el Poder Legislativo impulse un eventual juicio pol\u00edtico contra el mandatario si se re\u00fanen los elementos necesarios.<\/p>\n\n\n\n<figure class=\"wp-block-image size-large\"><img loading=\"lazy\" decoding=\"async\" width=\"806\" height=\"1024\" src=\"https:\/\/resumenprovincial.com.ar\/wp-content\/uploads\/2026\/03\/1000661432-806x1024.webp\" alt=\"\" class=\"wp-image-29800\" srcset=\"https:\/\/resumenprovincial.com.ar\/wp-content\/uploads\/2026\/03\/1000661432-806x1024.webp 806w, https:\/\/resumenprovincial.com.ar\/wp-content\/uploads\/2026\/03\/1000661432-236x300.webp 236w, https:\/\/resumenprovincial.com.ar\/wp-content\/uploads\/2026\/03\/1000661432-768x975.webp 768w, https:\/\/resumenprovincial.com.ar\/wp-content\/uploads\/2026\/03\/1000661432.webp 900w\" sizes=\"auto, (max-width: 806px) 100vw, 806px\" \/><\/figure>\n\n\n\n<h2 class=\"wp-block-heading\">Un conflicto pol\u00edtico que sigue escalando<\/h2>\n\n\n\n<p>Mientras contin\u00faan las investigaciones judiciales y parlamentarias, el caso $LIBRA sigue generando tensiones dentro del escenario pol\u00edtico argentino. Durante la conferencia de prensa, los legisladores opositores tambi\u00e9n denunciaron lo que consideraron ataques del oficialismo contra periodistas que investigaron el caso.<\/p>\n\n\n\n<p>En particular, manifestaron preocupaci\u00f3n por la citaci\u00f3n judicial de la periodista Natalia Volosin, quien difundi\u00f3 informaci\u00f3n relevante vinculada a la causa. Los diputados afirmaron que el Congreso deber\u00e1 defender la libertad de prensa y garantizar el secreto de las fuentes period\u00edsticas, reconocido en el art\u00edculo 43 de la Constituci\u00f3n Nacional.<\/p>\n\n\n\n<p>Adem\u00e1s, anunciaron que impulsar\u00e1n el repudio institucional de la C\u00e1mara de Diputados a los ataques contra el periodismo.<\/p>\n\n\n\n<p>En paralelo, adelantaron que se conformar\u00e1 una comisi\u00f3n ad hoc para seguir la evoluci\u00f3n de la causa judicial y evaluar posibles avances o retrocesos en la investigaci\u00f3n, public\u00f3 \u00c1mbito.<\/p>\n\n\n\n<p>Por \u00faltimo, los legisladores se\u00f1alaron que analizar\u00e1n la posibilidad de iniciar una segunda etapa investigativa en el Congreso para continuar delimitando las responsabilidades pol\u00edticas vinculadas al caso $LIBRA.<\/p>\n","protected":false},"excerpt":{"rendered":"<p>Diputados y exintegrantes de la comisi&oacute;n investigadora del caso $LIBRA anunciaron nuevas acciones tras conocerse peritajes que revelaron comunicaciones entre&hellip;<\/p>\n","protected":false},"author":2,"featured_media":29797,"comment_status":"closed","ping_status":"closed","sticky":false,"template":"","format":"standard","meta":{"footnotes":""},"categories":[33,37],"tags":[77],"class_list":["post-29792","post","type-post","status-publish","format-standard","has-post-thumbnail","hentry","category-nacionales","category-politica","tag-corrupcion"],"_links":{"self":[{"href":"https:\/\/resumenprovincial.com.ar\/index.php?rest_route=\/wp\/v2\/posts\/29792","targetHints":{"allow":["GET"]}}],"collection":[{"href":"https:\/\/resumenprovincial.com.ar\/index.php?rest_route=\/wp\/v2\/posts"}],"about":[{"href":"https:\/\/resumenprovincial.com.ar\/index.php?rest_route=\/wp\/v2\/types\/post"}],"author":[{"embeddable":true,"href":"https:\/\/resumenprovincial.com.ar\/index.php?rest_route=\/wp\/v2\/users\/2"}],"replies":[{"embeddable":true,"href":"https:\/\/resumenprovincial.com.ar\/index.php?rest_route=%2Fwp%2Fv2%2Fcomments&post=29792"}],"version-history":[{"count":2,"href":"https:\/\/resumenprovincial.com.ar\/index.php?rest_route=\/wp\/v2\/posts\/29792\/revisions"}],"predecessor-version":[{"id":29802,"href":"https:\/\/resumenprovincial.com.ar\/index.php?rest_route=\/wp\/v2\/posts\/29792\/revisions\/29802"}],"wp:featuredmedia":[{"embeddable":true,"href":"https:\/\/resumenprovincial.com.ar\/index.php?rest_route=\/wp\/v2\/media\/29797"}],"wp:attachment":[{"href":"https:\/\/resumenprovincial.com.ar\/index.php?rest_route=%2Fwp%2Fv2%2Fmedia&parent=29792"}],"wp:term":[{"taxonomy":"category","embeddable":true,"href":"https:\/\/resumenprovincial.com.ar\/index.php?rest_route=%2Fwp%2Fv2%2Fcategories&post=29792"},{"taxonomy":"post_tag","embeddable":true,"href":"https:\/\/resumenprovincial.com.ar\/index.php?rest_route=%2Fwp%2Fv2%2Ftags&post=29792"}],"curies":[{"name":"wp","href":"https:\/\/api.w.org\/{rel}","templated":true}]}}