{"id":29805,"date":"2026-03-17T09:55:18","date_gmt":"2026-03-17T12:55:18","guid":{"rendered":"https:\/\/resumenprovincial.com.ar\/?p=29805"},"modified":"2026-03-17T09:58:25","modified_gmt":"2026-03-17T12:58:25","slug":"prestacion-por-desempleo-requisitos-montos-y-como-acceder-al-beneficio-de-anses","status":"publish","type":"post","link":"https:\/\/resumenprovincial.com.ar\/?p=29805","title":{"rendered":"Prestaci\u00f3n por desempleo: requisitos, montos y c\u00f3mo acceder al beneficio de ANSES"},"content":{"rendered":"\n<figure class=\"wp-block-image size-full\"><img loading=\"lazy\" decoding=\"async\" width=\"900\" height=\"600\" src=\"https:\/\/resumenprovincial.com.ar\/wp-content\/uploads\/2026\/03\/1000662204.webp\" alt=\"\" class=\"wp-image-29810\" srcset=\"https:\/\/resumenprovincial.com.ar\/wp-content\/uploads\/2026\/03\/1000662204.webp 900w, https:\/\/resumenprovincial.com.ar\/wp-content\/uploads\/2026\/03\/1000662204-300x200.webp 300w, https:\/\/resumenprovincial.com.ar\/wp-content\/uploads\/2026\/03\/1000662204-768x512.webp 768w\" sizes=\"auto, (max-width: 900px) 100vw, 900px\" \/><\/figure>\n\n\n\n<p>En un contexto econ\u00f3mico complejo y con movimientos constantes en el mercado laboral, la prestaci\u00f3n por desempleo de ANSES vuelve a posicionarse como una herramienta clave para miles de trabajadores argentinos que pierden su empleo formal.<\/p>\n\n\n\n<p>Se trata de una asistencia econ\u00f3mica destinada a personas que quedaron sin trabajo por causas ajenas a su voluntad, como despidos sin causa o finalizaci\u00f3n de contratos. El objetivo es claro: sostener ingresos mientras el trabajador intenta reinsertarse en el mercado laboral.<\/p>\n\n\n\n<figure class=\"wp-block-image size-full\"><img loading=\"lazy\" decoding=\"async\" width=\"900\" height=\"600\" src=\"https:\/\/resumenprovincial.com.ar\/wp-content\/uploads\/2026\/03\/1000662208.webp\" alt=\"\" class=\"wp-image-29811\" srcset=\"https:\/\/resumenprovincial.com.ar\/wp-content\/uploads\/2026\/03\/1000662208.webp 900w, https:\/\/resumenprovincial.com.ar\/wp-content\/uploads\/2026\/03\/1000662208-300x200.webp 300w, https:\/\/resumenprovincial.com.ar\/wp-content\/uploads\/2026\/03\/1000662208-768x512.webp 768w\" sizes=\"auto, (max-width: 900px) 100vw, 900px\" \/><\/figure>\n\n\n\n<p><strong>Qu\u00e9 incluye el beneficio<\/strong><\/p>\n\n\n\n<p>La prestaci\u00f3n no solo contempla un ingreso mensual durante un per\u00edodo determinado, sino que adem\u00e1s permite mantener el acceso a distintas asignaciones familiares.<br>Entre ellas:<\/p>\n\n\n\n<ul class=\"wp-block-list\">\n<li>Asignaci\u00f3n por hijo<\/li>\n\n\n\n<li>Asignaci\u00f3n por prenatal<\/li>\n\n\n\n<li>Ayuda escolar anual<\/li>\n\n\n\n<li>Beneficios por matrimonio, nacimiento o adopci\u00f3n<br>Este esquema busca garantizar una red de contenci\u00f3n econ\u00f3mica y social durante una etapa cr\u00edtica.<\/li>\n<\/ul>\n\n\n\n<p><strong>Qui\u00e9nes pueden acceder<\/strong><br>El beneficio est\u00e1 dirigido a trabajadores registrados que hayan perdido su empleo sin responsabilidad propia.<br>Los requisitos var\u00edan seg\u00fan el tipo de trabajo:<br>\ud83d\udd39 Trabajadores permanentes<br>Deben acreditar al menos 6 meses de aportes en los \u00faltimos 3 a\u00f1os.<br>\ud83d\udd39 Trabajadores eventuales o de temporada<br>Se exige haber trabajado menos de 12 meses en los \u00faltimos 3 a\u00f1os y contar con m\u00e1s de 90 d\u00edas de aportes en el \u00faltimo a\u00f1o.<br>\ud83d\udd39 Trabajadores de la construcci\u00f3n<br>Deben tener al menos 8 meses de aportes en los \u00faltimos 2 a\u00f1os.<\/p>\n\n\n\n<p>Cu\u00e1nto se cobra y por cu\u00e1nto tiempo<br>El monto de la prestaci\u00f3n se calcula en base a los ingresos previos del trabajador y los aportes realizados.<br><strong>El sistema establece:<\/strong><\/p>\n\n\n\n<ul class=\"wp-block-list\">\n<li>Entre 2 y 12 cuotas mensuales para trabajadores en relaci\u00f3n de dependencia<\/li>\n\n\n\n<li>Entre 3 y 8 cuotas para trabajadores de la construcci\u00f3n<br>Adem\u00e1s, las personas mayores de 45 a\u00f1os pueden acceder a una extensi\u00f3n de hasta 6 meses adicionales.<\/li>\n<\/ul>\n\n\n\n<p><strong>C\u00f3mo hacer el tr\u00e1mite<\/strong><br>Para iniciar la solicitud, es obligatorio presentar documentaci\u00f3n que acredite la desvinculaci\u00f3n laboral:<\/p>\n\n\n\n<ul class=\"wp-block-list\">\n<li>DNI<\/li>\n\n\n\n<li>Telegrama de despido o carta documento<\/li>\n\n\n\n<li>Documentaci\u00f3n adicional (seg\u00fan el caso)<br>El tr\u00e1mite puede realizarse de dos maneras:<br>\ud83d\udc49 Online, a trav\u00e9s de Atenci\u00f3n Virtual de ANSES (con CUIL y clave de seguridad social)<br>\ud83d\udc49 Presencial, en oficinas del organismo con turno previo<\/li>\n<\/ul>\n\n\n\n<p><strong>C\u00f3mo se cobra<\/strong><br>Una vez aprobado el beneficio:<\/p>\n\n\n\n<ul class=\"wp-block-list\">\n<li>El primer pago se realiza por ventanilla bancaria<\/li>\n\n\n\n<li>Luego se habilita una tarjeta de d\u00e9bito para operar normalmente<\/li>\n<\/ul>\n\n\n\n<p><strong>Importante<\/strong><br>Si la persona consigue un nuevo empleo, deber\u00e1 informar la situaci\u00f3n dentro de los 5 d\u00edas h\u00e1biles para suspender la prestaci\u00f3n.<\/p>\n\n\n\n<p><strong>Un dato que marca la tendencia<\/strong><br>Durante 2025, m\u00e1s de 150.000 trabajadores accedieron a esta prestaci\u00f3n, lo que refleja el rol central que cumple dentro del sistema de protecci\u00f3n social.<\/p>\n\n\n\n<p><strong>Clave del momento<\/strong><br>En medio de la incertidumbre econ\u00f3mica, la prestaci\u00f3n por desempleo se consolida como un respaldo fundamental para miles de familias, mientras buscan recuperar estabilidad laboral.<\/p>\n\n\n\n<p><\/p>\n","protected":false},"excerpt":{"rendered":"<p>En un contexto econ&oacute;mico complejo y con movimientos constantes en el mercado laboral, la prestaci&oacute;n por desempleo de ANSES vuelve&hellip;<\/p>\n","protected":false},"author":2,"featured_media":29807,"comment_status":"closed","ping_status":"closed","sticky":false,"template":"","format":"standard","meta":{"footnotes":""},"categories":[63],"tags":[],"class_list":["post-29805","post","type-post","status-publish","format-standard","has-post-thumbnail","hentry","category-sociedad"],"_links":{"self":[{"href":"https:\/\/resumenprovincial.com.ar\/index.php?rest_route=\/wp\/v2\/posts\/29805","targetHints":{"allow":["GET"]}}],"collection":[{"href":"https:\/\/resumenprovincial.com.ar\/index.php?rest_route=\/wp\/v2\/posts"}],"about":[{"href":"https:\/\/resumenprovincial.com.ar\/index.php?rest_route=\/wp\/v2\/types\/post"}],"author":[{"embeddable":true,"href":"https:\/\/resumenprovincial.com.ar\/index.php?rest_route=\/wp\/v2\/users\/2"}],"replies":[{"embeddable":true,"href":"https:\/\/resumenprovincial.com.ar\/index.php?rest_route=%2Fwp%2Fv2%2Fcomments&post=29805"}],"version-history":[{"count":3,"href":"https:\/\/resumenprovincial.com.ar\/index.php?rest_route=\/wp\/v2\/posts\/29805\/revisions"}],"predecessor-version":[{"id":29812,"href":"https:\/\/resumenprovincial.com.ar\/index.php?rest_route=\/wp\/v2\/posts\/29805\/revisions\/29812"}],"wp:featuredmedia":[{"embeddable":true,"href":"https:\/\/resumenprovincial.com.ar\/index.php?rest_route=\/wp\/v2\/media\/29807"}],"wp:attachment":[{"href":"https:\/\/resumenprovincial.com.ar\/index.php?rest_route=%2Fwp%2Fv2%2Fmedia&parent=29805"}],"wp:term":[{"taxonomy":"category","embeddable":true,"href":"https:\/\/resumenprovincial.com.ar\/index.php?rest_route=%2Fwp%2Fv2%2Fcategories&post=29805"},{"taxonomy":"post_tag","embeddable":true,"href":"https:\/\/resumenprovincial.com.ar\/index.php?rest_route=%2Fwp%2Fv2%2Ftags&post=29805"}],"curies":[{"name":"wp","href":"https:\/\/api.w.org\/{rel}","templated":true}]}}