{"id":29813,"date":"2026-03-17T11:12:04","date_gmt":"2026-03-17T14:12:04","guid":{"rendered":"https:\/\/resumenprovincial.com.ar\/?p=29813"},"modified":"2026-03-25T14:14:30","modified_gmt":"2026-03-25T17:14:30","slug":"iran-lanza-una-advertencia-contra-javier-milei-por-cruzar-una-linea-roja-imperdonable","status":"publish","type":"post","link":"https:\/\/resumenprovincial.com.ar\/?p=29813","title":{"rendered":"Ir\u00e1n lanza una advertencia contra Javier Milei por cruzar \u00abuna l\u00ednea roja imperdonable\u00bb"},"content":{"rendered":"\n<p><strong>Ir\u00e1n acusa a Javier Milei de haber cruzado \u00abuna l\u00ednea roja\u00bb&nbsp;<\/strong>y advierte que no va a permanecer indiferente (<em>\u201cMilei, Quo Vadis?\u00bb<\/em>)<\/p>\n\n\n\n<figure class=\"wp-block-image size-full\"><img loading=\"lazy\" decoding=\"async\" width=\"800\" height=\"533\" src=\"https:\/\/resumenprovincial.com.ar\/wp-content\/uploads\/2026\/03\/1000662336.jpg\" alt=\"\" class=\"wp-image-29814\" srcset=\"https:\/\/resumenprovincial.com.ar\/wp-content\/uploads\/2026\/03\/1000662336.jpg 800w, https:\/\/resumenprovincial.com.ar\/wp-content\/uploads\/2026\/03\/1000662336-300x200.jpg 300w, https:\/\/resumenprovincial.com.ar\/wp-content\/uploads\/2026\/03\/1000662336-768x512.jpg 768w\" sizes=\"auto, (max-width: 800px) 100vw, 800px\" \/><\/figure>\n\n\n\n<p>El diario oficialista del r\u00e9gimen iran\u00ed, el&nbsp;<strong>Tehran Times<\/strong>, le dedica unas duras palabras al presidente argentino&nbsp;<strong><a href=\"https:\/\/urgente24.com\/\/javier-milei-a2569\">Javier Milei<\/a><\/strong>, a quien le advierte que<strong>&nbsp;ha cruzado \u201cuna l\u00ednea roja imperdonable\u201d&nbsp;<\/strong>tras declarar que la Rep\u00fablica Isl\u00e1mica es&nbsp;<strong>\u201cenemiga de Argentina\u201d,&nbsp;<\/strong>en un contexto signado por la escalada en Medio Oriente debido a la&nbsp;<a class=\"\" href=\"https:\/\/urgente24.com\/guerra-a34214\">guerra<\/a>&nbsp;contra&nbsp;<a class=\"\" href=\"https:\/\/urgente24.com\/iran-a1264\">Ir\u00e1n.<\/a><\/p>\n\n\n\n<p>La advertencia del r\u00e9gimen iran\u00ed fue publicada en la editorial del diario&nbsp;<strong>Tehran Times<\/strong>, que se define como&nbsp;<strong>\u201cla voz de la Revoluci\u00f3n Isl\u00e1mica<\/strong>\u201d, y el cual est\u00e1 conectado a estructuras del gobierno teocr\u00e1tico como el&nbsp;<strong>Mehr News Agency,<\/strong>&nbsp;una agencia considerada semi-oficial y cercana al poder religioso-pol\u00edtico iran\u00ed.<\/p>\n\n\n\n<figure class=\"wp-block-image size-full\"><img loading=\"lazy\" decoding=\"async\" width=\"557\" height=\"1024\" src=\"https:\/\/resumenprovincial.com.ar\/wp-content\/uploads\/2026\/03\/1000662351.jpg\" alt=\"\" class=\"wp-image-29816\" srcset=\"https:\/\/resumenprovincial.com.ar\/wp-content\/uploads\/2026\/03\/1000662351.jpg 557w, https:\/\/resumenprovincial.com.ar\/wp-content\/uploads\/2026\/03\/1000662351-163x300.jpg 163w\" sizes=\"auto, (max-width: 557px) 100vw, 557px\" \/><\/figure>\n\n\n\n<figure class=\"wp-block-image size-full\"><img loading=\"lazy\" decoding=\"async\" width=\"656\" height=\"957\" src=\"https:\/\/resumenprovincial.com.ar\/wp-content\/uploads\/2026\/03\/1000662353.jpg\" alt=\"\" class=\"wp-image-29817\" srcset=\"https:\/\/resumenprovincial.com.ar\/wp-content\/uploads\/2026\/03\/1000662353.jpg 656w, https:\/\/resumenprovincial.com.ar\/wp-content\/uploads\/2026\/03\/1000662353-206x300.jpg 206w\" sizes=\"auto, (max-width: 656px) 100vw, 656px\" \/><\/figure>\n\n\n\n<p>El art\u00edculo titulado \u201cMilei, Quo Vadis?\u201d (\u201cMilei, \u00bfqu\u00e9 est\u00e1s haciendo?\u201d), escrito por el periodista Saleh Abidi Maleki, asegura que Ir\u00e1n ha expuesto que&nbsp;<strong>\u201cno puede permanecer indiferente ante las posiciones hostiles del actual gobierno argentino\u201d<\/strong>&nbsp;y que \u201c<strong>deber\u00e1 dise\u00f1ar una respuesta proporcionada a esta enemistad\u201d.<\/strong><\/p>\n\n\n\n<h2 class=\"wp-block-heading\">Ir\u00e1n tiene en mente \u00abuna respuesta\u00bb contra el Gobierno de Milei \u00abproporcional a su enemistad\u00bb<\/h2>\n\n\n\n<p>En una parte del mensaje, el Tehran Times plantea que el gobierno iran\u00ed no permanecer\u00e1 indiferente ya que la \u00ab<strong>mano de los enemigos de Ir\u00e1n est\u00e1 manchada con la sangre de personas inocentes de nuestro pa\u00eds<\/strong>, incluyendo a m\u00e1s de 160 estudiantes de la escuela de Minab (destruida recientemente por un misil estadounidense)\u201d.<\/p>\n\n\n\n<p><em>\u00abConsiderando estos hechos, Ir\u00e1n no puede permanecer indiferente ante las posiciones hostiles del actual gobierno argentino. La Rep\u00fablica Isl\u00e1mica de Ir\u00e1n, manteniendo al mismo tiempo una vigilancia total contra estos complots, debe dise\u00f1ar una respuesta proporcionada a esta enemistad. La<strong>&nbsp;mano de los enemigos de Ir\u00e1n est\u00e1 manchada con la sangre de personas inocentes de nuestro pa\u00eds, incluyendo a m\u00e1s de 160 estudiantes de la escuela de Minab\u201d<\/strong><\/em>, precisa el diario.<\/p>\n\n\n\n<figure class=\"wp-block-image size-full\"><img loading=\"lazy\" decoding=\"async\" width=\"660\" height=\"792\" src=\"https:\/\/resumenprovincial.com.ar\/wp-content\/uploads\/2026\/03\/1000662355.jpg\" alt=\"\" class=\"wp-image-29818\" srcset=\"https:\/\/resumenprovincial.com.ar\/wp-content\/uploads\/2026\/03\/1000662355.jpg 660w, https:\/\/resumenprovincial.com.ar\/wp-content\/uploads\/2026\/03\/1000662355-250x300.jpg 250w\" sizes=\"auto, (max-width: 660px) 100vw, 660px\" \/><\/figure>\n\n\n\n<p><em>\u201cRecientemente, en un discurso en una universidad de Estados Unidos,<strong>\u00a0[Milei] calific\u00f3 expl\u00edcitamente a Ir\u00e1n como un &#8216;enemigo&#8217; y declar\u00f3 que la pol\u00edtica exterior de su pa\u00eds est\u00e1 alineada con las estrategias agresivas de Estados Unidos y el r\u00e9gimen de apartheid israel\u00ed contra Ir\u00e1n<\/strong>\u201d<\/em>, expone el Tehran Times, principal diario oficialista en ingl\u00e9s y \u00f3rgano de difusi\u00f3n del pensamiento del r\u00e9gimen teocr\u00e1tico del ayatol\u00e1.<\/p>\n\n\n\n<figure class=\"wp-block-image size-full\"><img loading=\"lazy\" decoding=\"async\" width=\"568\" height=\"1013\" src=\"https:\/\/resumenprovincial.com.ar\/wp-content\/uploads\/2026\/03\/1000662387.jpg\" alt=\"\" class=\"wp-image-29819\" srcset=\"https:\/\/resumenprovincial.com.ar\/wp-content\/uploads\/2026\/03\/1000662387.jpg 568w, https:\/\/resumenprovincial.com.ar\/wp-content\/uploads\/2026\/03\/1000662387-168x300.jpg 168w\" sizes=\"auto, (max-width: 568px) 100vw, 568px\" \/><\/figure>\n\n\n\n<figure class=\"wp-block-image size-full\"><img loading=\"lazy\" decoding=\"async\" width=\"653\" height=\"762\" src=\"https:\/\/resumenprovincial.com.ar\/wp-content\/uploads\/2026\/03\/1000662389.jpg\" alt=\"\" class=\"wp-image-29820\" srcset=\"https:\/\/resumenprovincial.com.ar\/wp-content\/uploads\/2026\/03\/1000662389.jpg 653w, https:\/\/resumenprovincial.com.ar\/wp-content\/uploads\/2026\/03\/1000662389-257x300.jpg 257w\" sizes=\"auto, (max-width: 653px) 100vw, 653px\" \/><\/figure>\n\n\n\n<p>En el texto, el autor sostiene a viva voz que&nbsp;<strong>Milei est\u00e1 \u201calineado con el eje estadounidense-sionista\u201d&nbsp;<\/strong>y afirma que su pol\u00edtica exterior no responde a intereses nacionales sino a \u201cpresiones externas\u201d, argumentando adem\u00e1s que el Gobierno argentino participa activamente en el \u201cproyecto de iranofobia\u201d fogoneado por Trump y Netanyahu.<\/p>\n\n\n\n<p><em>\u201cIr\u00e1n no puede permanecer indiferente ante las posiciones hostiles del actual gobierno argentino.<strong>&nbsp;Deber\u00e1 dise\u00f1ar una respuesta proporcionada a esta enemistad<\/strong>. Argentina se present\u00f3 oficialmente como enemiga de Ir\u00e1n y se ha alineado con Estados Unidos y el r\u00e9gimen sionista en la agresi\u00f3n militar contra nuestra naci\u00f3n.&nbsp;<strong>Esta es una l\u00ednea roja imperdonable que ha sido cruzada\u201d,&nbsp;<\/strong><\/em>sentencia el diario que encarna la voz del r\u00e9gimen, lo que podr\u00eda interpretarse como una amenaza a la seguridad nacional de Argentina.<\/p>\n\n\n\n<p>La editorial rechaza la responsabilidad de Ir\u00e1n en el\u00a0<strong>atentado de 1994 contra la\u00a0<a href=\"https:\/\/urgente24.com\/amia-a40279\">AMIA<\/a><\/strong>, que dej\u00f3 85 muertos,\u00a0<strong>desmintiendo\u00a0la versi\u00f3n oficial de la Corte Suprema de Argentina<\/strong>, que ha concluido que el ataque de la AMIA y el de la Embajada de Israel (1992) fueron planificados por altas autoridades iran\u00edes y ejecutados por Hezbollah, milicia libanesa chiita que responde a Teher\u00e1n.<\/p>\n\n\n\n<figure class=\"wp-block-image size-full\"><img loading=\"lazy\" decoding=\"async\" width=\"649\" height=\"847\" src=\"https:\/\/resumenprovincial.com.ar\/wp-content\/uploads\/2026\/03\/1000662391.jpg\" alt=\"\" class=\"wp-image-29821\" srcset=\"https:\/\/resumenprovincial.com.ar\/wp-content\/uploads\/2026\/03\/1000662391.jpg 649w, https:\/\/resumenprovincial.com.ar\/wp-content\/uploads\/2026\/03\/1000662391-230x300.jpg 230w\" sizes=\"auto, (max-width: 649px) 100vw, 649px\" \/><\/figure>\n\n\n\n<p>En ese sentido, el editorial iran\u00ed niega el rol de Teher\u00e1n en los atentados, calificando de \u201cfalsas\u201d las acusaciones de la justicia argentina e inscribiendo estos se\u00f1alamientos en lo que denomina \u201cun proyecto de iranofobia\u201d iniciado hace 31 a\u00f1os.<\/p>\n\n\n\n<p>Tambi\u00e9n sostiene que Argentina se ha convertido en \u00abel&nbsp;<strong>Israel de Am\u00e9rica Latina<\/strong>\u201d, bajo la&nbsp;<strong>\u201cinfluencia de grupos y elementos cercanos al r\u00e9gimen sionista\u201d<\/strong>&nbsp;que han tomado el poder pol\u00edtico y empresarial.<\/p>\n\n\n\n<figure class=\"wp-block-image size-full\"><img loading=\"lazy\" decoding=\"async\" width=\"556\" height=\"902\" src=\"https:\/\/resumenprovincial.com.ar\/wp-content\/uploads\/2026\/03\/1000662393.jpg\" alt=\"\" class=\"wp-image-29823\" srcset=\"https:\/\/resumenprovincial.com.ar\/wp-content\/uploads\/2026\/03\/1000662393.jpg 556w, https:\/\/resumenprovincial.com.ar\/wp-content\/uploads\/2026\/03\/1000662393-185x300.jpg 185w\" sizes=\"auto, (max-width: 556px) 100vw, 556px\" \/><\/figure>\n\n\n\n<p><em>\u201cExiste m\u00faltiple evidencia del&nbsp;<strong>papel activo de empresas argentinas en este proyecto.<\/strong>&nbsp;Empresas cuyos accionistas y directivos tienen claros v\u00ednculos y asociaciones con c\u00edrculos sionistas y son proveedores financieros y log\u00edsticos para el r\u00e9gimen sionista en diversas agresiones, incluyendo la agresi\u00f3n militar de 12 d\u00edas y la agresi\u00f3n reciente\u00bb<\/em>, plantea.<\/p>\n\n\n\n<p>Seg\u00fan su postura, las actividades de dichas empresas argentinas que supuestamente operan cerca de las fronteras de Ir\u00e1n \u201cbajo la cobertura de la exportaci\u00f3n e importaci\u00f3n de bienes y servicios, han preparado el terreno para actividades de seguridad y espionaje contra la Rep\u00fablica Isl\u00e1mica de Ir\u00e1n. Utilizando una fachada comercial, se dedican al monitoreo y la transferencia de informaci\u00f3n, formando un eslab\u00f3n en la cadena de amenazas contra la seguridad nacional de Ir\u00e1n\u201d.<\/p>\n\n\n\n<p><\/p>\n","protected":false},"excerpt":{"rendered":"<p>Ir&aacute;n acusa a Javier Milei de haber cruzado &laquo;una l&iacute;nea roja&raquo;&nbsp;y advierte que no va a permanecer indiferente (&ldquo;Milei, Quo&hellip;<\/p>\n","protected":false},"author":2,"featured_media":29814,"comment_status":"closed","ping_status":"closed","sticky":false,"template":"","format":"standard","meta":{"footnotes":""},"categories":[12],"tags":[85,84],"class_list":["post-29813","post","type-post","status-publish","format-standard","has-post-thumbnail","hentry","category-internacionales","tag-el-mundo","tag-guerra"],"_links":{"self":[{"href":"https:\/\/resumenprovincial.com.ar\/index.php?rest_route=\/wp\/v2\/posts\/29813","targetHints":{"allow":["GET"]}}],"collection":[{"href":"https:\/\/resumenprovincial.com.ar\/index.php?rest_route=\/wp\/v2\/posts"}],"about":[{"href":"https:\/\/resumenprovincial.com.ar\/index.php?rest_route=\/wp\/v2\/types\/post"}],"author":[{"embeddable":true,"href":"https:\/\/resumenprovincial.com.ar\/index.php?rest_route=\/wp\/v2\/users\/2"}],"replies":[{"embeddable":true,"href":"https:\/\/resumenprovincial.com.ar\/index.php?rest_route=%2Fwp%2Fv2%2Fcomments&post=29813"}],"version-history":[{"count":1,"href":"https:\/\/resumenprovincial.com.ar\/index.php?rest_route=\/wp\/v2\/posts\/29813\/revisions"}],"predecessor-version":[{"id":29825,"href":"https:\/\/resumenprovincial.com.ar\/index.php?rest_route=\/wp\/v2\/posts\/29813\/revisions\/29825"}],"wp:featuredmedia":[{"embeddable":true,"href":"https:\/\/resumenprovincial.com.ar\/index.php?rest_route=\/wp\/v2\/media\/29814"}],"wp:attachment":[{"href":"https:\/\/resumenprovincial.com.ar\/index.php?rest_route=%2Fwp%2Fv2%2Fmedia&parent=29813"}],"wp:term":[{"taxonomy":"category","embeddable":true,"href":"https:\/\/resumenprovincial.com.ar\/index.php?rest_route=%2Fwp%2Fv2%2Fcategories&post=29813"},{"taxonomy":"post_tag","embeddable":true,"href":"https:\/\/resumenprovincial.com.ar\/index.php?rest_route=%2Fwp%2Fv2%2Ftags&post=29813"}],"curies":[{"name":"wp","href":"https:\/\/api.w.org\/{rel}","templated":true}]}}