{"id":29826,"date":"2026-03-17T11:20:50","date_gmt":"2026-03-17T14:20:50","guid":{"rendered":"https:\/\/resumenprovincial.com.ar\/?p=29826"},"modified":"2026-03-17T11:20:52","modified_gmt":"2026-03-17T14:20:52","slug":"accidente-en-la-ruta-18-un-camion-perdio-el-control-y-termino-volcado","status":"publish","type":"post","link":"https:\/\/resumenprovincial.com.ar\/?p=29826","title":{"rendered":"Accidente en la Ruta 18: un cami\u00f3n perdi\u00f3 el control y termin\u00f3 volcado"},"content":{"rendered":"\n<p>El siniestro ocurri\u00f3 a la altura del kil\u00f3metro 68. El conductor perdi\u00f3 el control del veh\u00edculo en una recta y termin\u00f3 volcando. No se registraron personas lesionadas.<\/p>\n\n\n\n<p>Un cami\u00f3n volc\u00f3 este martes por la ma\u00f1ana en la&nbsp;<strong>Ruta 18<\/strong>, a la altura del kil\u00f3metro 68, en jurisdicci\u00f3n cercana a Viale. El siniestro no dej\u00f3 personas lesionadas, aunque gener\u00f3 un operativo de control y asistencia en el tr\u00e1nsito.<\/p>\n\n\n\n<p>Seg\u00fan inform\u00f3 la Direcci\u00f3n General de Prevenci\u00f3n y Seguridad Vial, el veh\u00edculo involucrado es un cami\u00f3n Ford Cargo que transportaba pollos vivos con destino a la empresa Las Camelias.<\/p>\n\n\n\n<p>El conductor ten\u00eda 60 a\u00f1os, domiciliado en la ciudad de Col\u00f3n, en Entre R\u00edos. De acuerdo con los primeros datos recabados en el lugar, el hombre no sufri\u00f3 heridas.<\/p>\n\n\n\n<h2 class=\"wp-block-heading\"><strong>C\u00f3mo ocurri\u00f3 el vuelco<\/strong><\/h2>\n\n\n\n<p>El cami\u00f3n circulaba en sentido este a oeste por la&nbsp;<strong>Ruta 18<\/strong>&nbsp;cuando, por motivos que se investigan, el conductor perdi\u00f3 el control del veh\u00edculo en un tramo recto de la carretera.<\/p>\n\n\n\n<p>De acuerdo con las primeras hip\u00f3tesis, el chofer podr\u00eda haberse quedado dormido por algunos segundos mientras conduc\u00eda, situaci\u00f3n que habr\u00eda provocado el vuelco del rodado.<\/p>\n\n\n\n<figure class=\"wp-block-image size-full\"><img loading=\"lazy\" decoding=\"async\" width=\"900\" height=\"600\" src=\"https:\/\/resumenprovincial.com.ar\/wp-content\/uploads\/2026\/03\/1000662418.webp\" alt=\"\" class=\"wp-image-29827\" srcset=\"https:\/\/resumenprovincial.com.ar\/wp-content\/uploads\/2026\/03\/1000662418.webp 900w, https:\/\/resumenprovincial.com.ar\/wp-content\/uploads\/2026\/03\/1000662418-300x200.webp 300w, https:\/\/resumenprovincial.com.ar\/wp-content\/uploads\/2026\/03\/1000662418-768x512.webp 768w\" sizes=\"auto, (max-width: 900px) 100vw, 900px\" \/><\/figure>\n\n\n\n<p>El cami\u00f3n termin\u00f3 volcado a un costado de la calzada con la carga de pollos vivos que transportaba.<\/p>\n\n\n\n<h2 class=\"wp-block-heading\"><strong>Operativo en la zona<\/strong><\/h2>\n\n\n\n<p>Tras el hecho intervino personal del Puesto de Control Vial Paso Viale, que se dirigi\u00f3 al lugar para realizar las actuaciones correspondientes y asistir la circulaci\u00f3n.<\/p>\n\n\n\n<p>Los efectivos se\u00f1alaron que el tr\u00e1nsito en la&nbsp;<strong>Ruta 18<\/strong>&nbsp;se mantiene asistido y que, por el momento, no fue necesario realizar un corte total de la circulaci\u00f3n.<\/p>\n\n\n\n<p>Las autoridades contin\u00faan trabajando en el lugar para retirar el veh\u00edculo siniestrado y normalizar completamente la circulaci\u00f3n en la zona.<\/p>\n","protected":false},"excerpt":{"rendered":"<p>El siniestro ocurri&oacute; a la altura del kil&oacute;metro 68. El conductor perdi&oacute; el control del veh&iacute;culo en una recta y&hellip;<\/p>\n","protected":false},"author":2,"featured_media":29828,"comment_status":"closed","ping_status":"closed","sticky":false,"template":"","format":"standard","meta":{"footnotes":""},"categories":[54],"tags":[],"class_list":["post-29826","post","type-post","status-publish","format-standard","has-post-thumbnail","hentry","category-siniestro-vial"],"_links":{"self":[{"href":"https:\/\/resumenprovincial.com.ar\/index.php?rest_route=\/wp\/v2\/posts\/29826","targetHints":{"allow":["GET"]}}],"collection":[{"href":"https:\/\/resumenprovincial.com.ar\/index.php?rest_route=\/wp\/v2\/posts"}],"about":[{"href":"https:\/\/resumenprovincial.com.ar\/index.php?rest_route=\/wp\/v2\/types\/post"}],"author":[{"embeddable":true,"href":"https:\/\/resumenprovincial.com.ar\/index.php?rest_route=\/wp\/v2\/users\/2"}],"replies":[{"embeddable":true,"href":"https:\/\/resumenprovincial.com.ar\/index.php?rest_route=%2Fwp%2Fv2%2Fcomments&post=29826"}],"version-history":[{"count":1,"href":"https:\/\/resumenprovincial.com.ar\/index.php?rest_route=\/wp\/v2\/posts\/29826\/revisions"}],"predecessor-version":[{"id":29829,"href":"https:\/\/resumenprovincial.com.ar\/index.php?rest_route=\/wp\/v2\/posts\/29826\/revisions\/29829"}],"wp:featuredmedia":[{"embeddable":true,"href":"https:\/\/resumenprovincial.com.ar\/index.php?rest_route=\/wp\/v2\/media\/29828"}],"wp:attachment":[{"href":"https:\/\/resumenprovincial.com.ar\/index.php?rest_route=%2Fwp%2Fv2%2Fmedia&parent=29826"}],"wp:term":[{"taxonomy":"category","embeddable":true,"href":"https:\/\/resumenprovincial.com.ar\/index.php?rest_route=%2Fwp%2Fv2%2Fcategories&post=29826"},{"taxonomy":"post_tag","embeddable":true,"href":"https:\/\/resumenprovincial.com.ar\/index.php?rest_route=%2Fwp%2Fv2%2Ftags&post=29826"}],"curies":[{"name":"wp","href":"https:\/\/api.w.org\/{rel}","templated":true}]}}