{"id":29830,"date":"2026-03-17T12:01:10","date_gmt":"2026-03-17T15:01:10","guid":{"rendered":"https:\/\/resumenprovincial.com.ar\/?p=29830"},"modified":"2026-03-17T12:01:12","modified_gmt":"2026-03-17T15:01:12","slug":"caso-libra-el-gobierno-confirma-que-milei-no-ira-al-congreso-y-habla-de-una-causa-viciada","status":"publish","type":"post","link":"https:\/\/resumenprovincial.com.ar\/?p=29830","title":{"rendered":"Caso $Libra: el Gobierno confirma que Milei no ir\u00e1 al Congreso y habla de una causa \u201cviciada\u201d"},"content":{"rendered":"\n<p>En medio del esc\u00e1ndalo por la criptomoneda $Libra, el Gobierno nacional confirm\u00f3 que el presidente Javier Milei no se presentar\u00e1 en el Congreso para dar explicaciones, pese al pedido formal de la comisi\u00f3n investigadora.<br><\/p>\n\n\n\n<p>La decisi\u00f3n ya est\u00e1 tomada en Casa Rosada y no deja margen de dudas: \u201cno va a ir nadie\u201d, aseguran desde el entorno presidencial.<\/p>\n\n\n\n<p><strong>Un esc\u00e1ndalo que escala<\/strong><br>La pol\u00e9mica se desat\u00f3 tras la filtraci\u00f3n de un supuesto contrato que vincular\u00eda a Milei con el empresario estadounidense Hayden Davis, en el marco del lanzamiento y derrumbe de la criptomoneda $Libra.<\/p>\n\n\n\n<p>El documento fue hallado en un dispositivo de Mauricio Novelli, uno de los principales investigados en la causa, durante un peritaje realizado por la Direcci\u00f3n de Apoyo Tecnol\u00f3gico a la Investigaci\u00f3n Penal (DATIP).<\/p>\n\n\n\n<p>Seg\u00fan fuentes judiciales, el material forma parte de un conjunto de pruebas que tambi\u00e9n incluye mensajes y conversaciones clave, algunas fechadas el 14 de febrero de 2025, d\u00eda en que la criptomoneda colaps\u00f3.<\/p>\n\n\n\n<p>El desplome dej\u00f3 a miles de inversores con p\u00e9rdidas millonarias y abri\u00f3 una investigaci\u00f3n que ahora salpica directamente al entorno presidencial.<\/p>\n\n\n\n<p><strong>La estrategia del Gobierno<\/strong><br>Lejos de responder sobre el contenido de los documentos, desde el oficialismo optaron por desacreditar la investigaci\u00f3n.<\/p>\n\n\n\n<p>Fuentes del Ejecutivo afirmaron que la causa est\u00e1 \u201cultra viciada\u201d, cuestionando la validez de las pruebas y apuntando a irregularidades en la cadena de custodia.<\/p>\n\n\n\n<p>Con este argumento, buscan restarle peso tanto al contrato como a los mensajes que analiza la Justicia.<\/p>\n\n\n\n<p><strong>El pedido que qued\u00f3 sin respuesta<\/strong> <\/p>\n\n\n\n<p>Desde la C\u00e1mara de Diputados, el presidente de la comisi\u00f3n investigadora, Maximiliano Ferraro, hab\u00eda solicitado formalmente la presencia de Milei para que explicara su posible v\u00ednculo con Davis y su rol en la promoci\u00f3n de $Libra.Sin embargo, la respuesta del Gobierno fue contundente:<\/p>\n\n\n\n<figure class=\"wp-block-image size-full\"><img loading=\"lazy\" decoding=\"async\" width=\"768\" height=\"512\" src=\"https:\/\/resumenprovincial.com.ar\/wp-content\/uploads\/2026\/03\/1000662501.jpg\" alt=\"\" class=\"wp-image-29832\" srcset=\"https:\/\/resumenprovincial.com.ar\/wp-content\/uploads\/2026\/03\/1000662501.jpg 768w, https:\/\/resumenprovincial.com.ar\/wp-content\/uploads\/2026\/03\/1000662501-300x200.jpg 300w\" sizes=\"auto, (max-width: 768px) 100vw, 768px\" \/><\/figure>\n\n\n\n<p><strong><em>No solo no ir\u00e1 el Presidente, tampoco habr\u00e1 representantes.<\/em><\/strong><\/p>\n\n\n\n<p>En el oficialismo consideran que la comisi\u00f3n tiene un objetivo pol\u00edtico m\u00e1s que investigativo y buscan evitar lo que interpretan como una \u201cpuesta en escena\u201d.<\/p>\n\n\n\n<p><strong>Un tema que no se apaga<\/strong><br>Mientras el Gobierno intenta bajar el tono del esc\u00e1ndalo, la causa judicial sigue avanzando y las dudas crecen.<br><\/p>\n\n\n\n<p>El v\u00ednculo entre pol\u00edtica, negocios y criptomonedas vuelve a quedar en el centro de la escena, en un caso que todav\u00eda tiene m\u00e1s preguntas que respuestas.<\/p>\n\n\n\n<p><strong>Clave del momento<\/strong><br>La negativa de Milei a presentarse en el Congreso abre un nuevo frente pol\u00edtico y deja planteado un escenario de tensi\u00f3n entre el oficialismo y la oposici\u00f3n, en una causa que promete seguir escalando.<\/p>\n","protected":false},"excerpt":{"rendered":"<p>En medio del esc&aacute;ndalo por la criptomoneda $Libra, el Gobierno nacional confirm&oacute; que el presidente Javier Milei no se presentar&aacute;&hellip;<\/p>\n","protected":false},"author":2,"featured_media":29831,"comment_status":"closed","ping_status":"closed","sticky":false,"template":"","format":"standard","meta":{"footnotes":""},"categories":[37],"tags":[],"class_list":["post-29830","post","type-post","status-publish","format-standard","has-post-thumbnail","hentry","category-politica"],"_links":{"self":[{"href":"https:\/\/resumenprovincial.com.ar\/index.php?rest_route=\/wp\/v2\/posts\/29830","targetHints":{"allow":["GET"]}}],"collection":[{"href":"https:\/\/resumenprovincial.com.ar\/index.php?rest_route=\/wp\/v2\/posts"}],"about":[{"href":"https:\/\/resumenprovincial.com.ar\/index.php?rest_route=\/wp\/v2\/types\/post"}],"author":[{"embeddable":true,"href":"https:\/\/resumenprovincial.com.ar\/index.php?rest_route=\/wp\/v2\/users\/2"}],"replies":[{"embeddable":true,"href":"https:\/\/resumenprovincial.com.ar\/index.php?rest_route=%2Fwp%2Fv2%2Fcomments&post=29830"}],"version-history":[{"count":1,"href":"https:\/\/resumenprovincial.com.ar\/index.php?rest_route=\/wp\/v2\/posts\/29830\/revisions"}],"predecessor-version":[{"id":29833,"href":"https:\/\/resumenprovincial.com.ar\/index.php?rest_route=\/wp\/v2\/posts\/29830\/revisions\/29833"}],"wp:featuredmedia":[{"embeddable":true,"href":"https:\/\/resumenprovincial.com.ar\/index.php?rest_route=\/wp\/v2\/media\/29831"}],"wp:attachment":[{"href":"https:\/\/resumenprovincial.com.ar\/index.php?rest_route=%2Fwp%2Fv2%2Fmedia&parent=29830"}],"wp:term":[{"taxonomy":"category","embeddable":true,"href":"https:\/\/resumenprovincial.com.ar\/index.php?rest_route=%2Fwp%2Fv2%2Fcategories&post=29830"},{"taxonomy":"post_tag","embeddable":true,"href":"https:\/\/resumenprovincial.com.ar\/index.php?rest_route=%2Fwp%2Fv2%2Ftags&post=29830"}],"curies":[{"name":"wp","href":"https:\/\/api.w.org\/{rel}","templated":true}]}}