{"id":29835,"date":"2026-03-17T20:20:40","date_gmt":"2026-03-17T23:20:40","guid":{"rendered":"https:\/\/resumenprovincial.com.ar\/?p=29835"},"modified":"2026-03-17T20:20:43","modified_gmt":"2026-03-17T23:20:43","slug":"tras-su-declaracion-cristina-kirchner-insistio-que-la-causa-cuadernos-es-convalidar-la-mafia","status":"publish","type":"post","link":"https:\/\/resumenprovincial.com.ar\/?p=29835","title":{"rendered":"Tras su declaraci\u00f3n, Cristina Kirchner insisti\u00f3 que la Causa Cuadernos \u201ces convalidar la mafia\u201d"},"content":{"rendered":"\n<p>Se manifest\u00f3 en la misma l\u00ednea que en su exposici\u00f3n ante el tribunal. \u201cLa causa Cuadernos es algo m\u00e1s que persecuci\u00f3n pol\u00edtica, es convalidar la mafia\u201d, afirm\u00f3 la ex presidenta Cristina Kirchner.<\/p>\n\n\n\n<figure class=\"wp-block-image size-full is-resized\"><img loading=\"lazy\" decoding=\"async\" width=\"765\" height=\"504\" src=\"https:\/\/resumenprovincial.com.ar\/wp-content\/uploads\/2026\/03\/Screenshot_90.png\" alt=\"\" class=\"wp-image-29836\" style=\"width:820px;height:auto\" srcset=\"https:\/\/resumenprovincial.com.ar\/wp-content\/uploads\/2026\/03\/Screenshot_90.png 765w, https:\/\/resumenprovincial.com.ar\/wp-content\/uploads\/2026\/03\/Screenshot_90-300x198.png 300w\" sizes=\"auto, (max-width: 765px) 100vw, 765px\" \/><\/figure>\n\n\n\n<p>La ex presidenta Cristina Kirchner sostuvo este martes que \u201cla causa Cuadernos es algo m\u00e1s que persecuci\u00f3n pol\u00edtica, es convalidar la mafia\u201d, luego de haber declarado m\u00e1s temprano en los tribunales de Comodoro Py en el marco de ese expediente.<\/p>\n\n\n\n<p>La titular del Partido Justicialista (PJ) acompa\u00f1\u00f3 su mensaje en la red social X con un enlace de un video de su abogado, Carlos Beraldi, \u201cmostrando los cuatro casos\u00bb a los que ella hizo menci\u00f3n cuando se refiri\u00f3 a \u00ablas pr\u00e1cticas mafiosas del todav\u00eda Fiscal Federal Carlos Stornelli y del juez Bonad\u00edo en relaci\u00f3n a esta causa\u201d.<\/p>\n\n\n\n<figure class=\"wp-block-image size-full is-resized\"><img loading=\"lazy\" decoding=\"async\" width=\"624\" height=\"415\" src=\"https:\/\/resumenprovincial.com.ar\/wp-content\/uploads\/2026\/03\/Screenshot_91.png\" alt=\"\" class=\"wp-image-29837\" style=\"width:836px;height:auto\" srcset=\"https:\/\/resumenprovincial.com.ar\/wp-content\/uploads\/2026\/03\/Screenshot_91.png 624w, https:\/\/resumenprovincial.com.ar\/wp-content\/uploads\/2026\/03\/Screenshot_91-300x200.png 300w\" sizes=\"auto, (max-width: 624px) 100vw, 624px\" \/><\/figure>\n\n\n\n<p>\u201cPodr\u00e1s ver las capturas de los chats entre Marcelo D\u2019Alessio y el fiscal Carlos Stornelli (autor de la acusaci\u00f3n de este juicio) que prueban la extorsi\u00f3n, el chantaje y el manejo delictivo de la Ley del Arrepentido, la violaci\u00f3n de la Ley de Inteligencia realizando maniobras de espionaje sobre abogados defensores, vulnerando todas las garant\u00edas constitucionales, entre otros delitos\u201d, escribi\u00f3.<\/p>\n\n\n\n<p>Y agreg\u00f3: \u201cTambi\u00e9n podr\u00e1s ver las fotograf\u00edas de Stornelli y D\u2019Alessio en Pinamar y escuchar los audios. Todos son hechos probados a trav\u00e9s de pericias documentales digitales irrefutables y del testimonio de las propias v\u00edctimas en el juicio oral contra Marcelo D\u2019Alessio, cuya sentencia tuvo lugar el 25 de septiembre del a\u00f1o pasado\u201d.<\/p>\n\n\n\n<p>\u00abEn dicho fallo, los jueces estimaron que el v\u00ednculo existente entre Marcelo D\u2019Alessio y el Fiscal Stornelli era un \u00b4activo muy valioso de la asociaci\u00f3n il\u00edcita\u00b4. La Causa Cuadernos es algo m\u00e1s que persecuci\u00f3n pol\u00edtica, es convalidar la mafia\u00bb, cerr\u00f3.<\/p>\n\n\n\n<p>La ex mandataria hab\u00eda declarado m\u00e1s temprano en la Causa Cuadernos, debido a que se fij\u00f3 la modalidad presencial obligatoria, en momentos en que cumple prisi\u00f3n domiciliaria en su departamento del barrio de Constituci\u00f3n por la condena que recibi\u00f3 en la Causa Vialidad.<\/p>\n\n\n\n<figure class=\"wp-block-image size-full is-resized\"><img loading=\"lazy\" decoding=\"async\" width=\"621\" height=\"417\" src=\"https:\/\/resumenprovincial.com.ar\/wp-content\/uploads\/2026\/03\/Screenshot_92.png\" alt=\"\" class=\"wp-image-29838\" style=\"width:829px;height:auto\" srcset=\"https:\/\/resumenprovincial.com.ar\/wp-content\/uploads\/2026\/03\/Screenshot_92.png 621w, https:\/\/resumenprovincial.com.ar\/wp-content\/uploads\/2026\/03\/Screenshot_92-300x201.png 300w\" sizes=\"auto, (max-width: 621px) 100vw, 621px\" \/><\/figure>\n\n\n\n<p>\u201cHubo una oleada de detenciones para apretar a empresarios para que declaren en contra de Cristina. Pr\u00e1cticas mafiosas\u201d, denunci\u00f3 la ex presidenta. Adem\u00e1s, critic\u00f3 el accionar y \u201cel manejo delictivo y criminal\u201d que tuvieron el juez Claudio Bonadio y el fiscal Carlos Stornelli del caso, puntualmente sobre la interpretaci\u00f3n de la denominada ley del arrepentido. \u201cConstruyeron las pruebas, hubo forum shopping y apretaron y amenazaron a los empresarios para que digan cualquier cosa\u201d, plante\u00f3.<\/p>\n\n\n\n<p>\u201cVialidad es un poroto al lado de esto. Esta causa fue perge\u00f1ada. Alguien puede pensar que hay un Poder Judicial respetable. Cuando veo lo que dicen y se sigue adelante con el juicio, veo que la sentencia ya est\u00e1 escrita\u201d, dijo sobre el caso de los cuadernos de las coimas. Y traz\u00f3 paralelismos entre lo que fue el proceso de Vialidad con el de los cuadernos, public\u00f3 NA.<\/p>\n\n\n\n<p>\u201cAhora me dicen que tengo que ir presa porque soy socia de los empresarios a los que ped\u00ed que se los investigue. Hay algo que no cierra, hay algo podrido. Adem\u00e1s, cuando el 1\u00b0 de marzo, en la Asamblea Legislativa, el presidente de la Rep\u00fablica anuncia que voy a seguir presa por la causa cuadernos y el memor\u00e1ndum con Ir\u00e1n. M\u00e1s violatorio de la Constituci\u00f3n Nacional no hay\u00bb, plante\u00f3 sobre el mensaje de Javier Milei ante el Congreso.<\/p>\n","protected":false},"excerpt":{"rendered":"<p>Se manifest&oacute; en la misma l&iacute;nea que en su exposici&oacute;n ante el tribunal. &ldquo;La causa Cuadernos es algo m&aacute;s que&hellip;<\/p>\n","protected":false},"author":2,"featured_media":29839,"comment_status":"closed","ping_status":"closed","sticky":false,"template":"","format":"standard","meta":{"footnotes":""},"categories":[37],"tags":[],"class_list":["post-29835","post","type-post","status-publish","format-standard","has-post-thumbnail","hentry","category-politica"],"_links":{"self":[{"href":"https:\/\/resumenprovincial.com.ar\/index.php?rest_route=\/wp\/v2\/posts\/29835","targetHints":{"allow":["GET"]}}],"collection":[{"href":"https:\/\/resumenprovincial.com.ar\/index.php?rest_route=\/wp\/v2\/posts"}],"about":[{"href":"https:\/\/resumenprovincial.com.ar\/index.php?rest_route=\/wp\/v2\/types\/post"}],"author":[{"embeddable":true,"href":"https:\/\/resumenprovincial.com.ar\/index.php?rest_route=\/wp\/v2\/users\/2"}],"replies":[{"embeddable":true,"href":"https:\/\/resumenprovincial.com.ar\/index.php?rest_route=%2Fwp%2Fv2%2Fcomments&post=29835"}],"version-history":[{"count":1,"href":"https:\/\/resumenprovincial.com.ar\/index.php?rest_route=\/wp\/v2\/posts\/29835\/revisions"}],"predecessor-version":[{"id":29840,"href":"https:\/\/resumenprovincial.com.ar\/index.php?rest_route=\/wp\/v2\/posts\/29835\/revisions\/29840"}],"wp:featuredmedia":[{"embeddable":true,"href":"https:\/\/resumenprovincial.com.ar\/index.php?rest_route=\/wp\/v2\/media\/29839"}],"wp:attachment":[{"href":"https:\/\/resumenprovincial.com.ar\/index.php?rest_route=%2Fwp%2Fv2%2Fmedia&parent=29835"}],"wp:term":[{"taxonomy":"category","embeddable":true,"href":"https:\/\/resumenprovincial.com.ar\/index.php?rest_route=%2Fwp%2Fv2%2Fcategories&post=29835"},{"taxonomy":"post_tag","embeddable":true,"href":"https:\/\/resumenprovincial.com.ar\/index.php?rest_route=%2Fwp%2Fv2%2Ftags&post=29835"}],"curies":[{"name":"wp","href":"https:\/\/api.w.org\/{rel}","templated":true}]}}