{"id":29841,"date":"2026-03-17T20:44:35","date_gmt":"2026-03-17T23:44:35","guid":{"rendered":"https:\/\/resumenprovincial.com.ar\/?p=29841"},"modified":"2026-03-17T20:46:30","modified_gmt":"2026-03-17T23:46:30","slug":"cacho-deicas-realizara-un-videoclip-historico-con-messi-tini-y-de-paul","status":"publish","type":"post","link":"https:\/\/resumenprovincial.com.ar\/?p=29841","title":{"rendered":"Cacho Deicas realizar\u00e1 un videoclip hist\u00f3rico con Messi, Tini y De Paul"},"content":{"rendered":"\n<p>Cacho Deicas vuelve a sorprender con un ambicioso proyecto audiovisual que unir\u00e1 a Lionel Messi, Tini Stoessel y Rodrigo De Paul en una propuesta que promete marcar un antes y un despu\u00e9s en la cultura popular argentina.<\/p>\n\n\n\n<figure class=\"wp-block-image size-full is-resized\"><img loading=\"lazy\" decoding=\"async\" width=\"765\" height=\"508\" src=\"https:\/\/resumenprovincial.com.ar\/wp-content\/uploads\/2026\/03\/Screenshot_94.png\" alt=\"\" class=\"wp-image-29842\" style=\"width:815px;height:auto\" srcset=\"https:\/\/resumenprovincial.com.ar\/wp-content\/uploads\/2026\/03\/Screenshot_94.png 765w, https:\/\/resumenprovincial.com.ar\/wp-content\/uploads\/2026\/03\/Screenshot_94-300x199.png 300w\" sizes=\"auto, (max-width: 765px) 100vw, 765px\" \/><\/figure>\n\n\n\n<p>El reconocido cantante santafesino\u00a0<strong>Cacho Deicas<\/strong>\u00a0confirm\u00f3 que est\u00e1 trabajando en un videoclip de escala internacional que ya genera enorme expectativa. En esa l\u00ednea, la producci\u00f3n contar\u00e1 con la participaci\u00f3n estelar de\u00a0<strong>Lionel Messi<\/strong>, quien acept\u00f3 formar parte de esta propuesta in\u00e9dita. La presencia del capit\u00e1n de la Selecci\u00f3n Argentina no solo eleva el perfil del proyecto, sino que tambi\u00e9n lo convierte en un evento cultural de alcance global.<\/p>\n\n\n\n<p>La iniciativa tambi\u00e9n sumar\u00e1 a otras figuras de peso como\u00a0<strong>Rodrigo De Paul y Tini Stoessel<\/strong>, logrando una fusi\u00f3n pocas veces vista entre el f\u00fatbol y el pop. Seg\u00fan trascendi\u00f3, el video no ser\u00e1 un simple registro musical, sino una producci\u00f3n cuidadosamente planificada con m\u00faltiples locaciones y una narrativa que buscar\u00e1 representar la identidad argentina desde distintas miradas.<\/p>\n\n\n\n<p>El propio Cacho Deicas explic\u00f3 que el proyecto apunta a algo m\u00e1s profundo que un lanzamiento comercial. La intenci\u00f3n es construir una pieza audiovisual que conecte con el p\u00fablico desde lo emocional, destacando valores como la pasi\u00f3n, el esfuerzo y el orgullo nacional, elementos que tanto la m\u00fasica tropical como el f\u00fatbol comparten.<\/p>\n\n\n\n<figure class=\"wp-block-image size-full is-resized\"><img loading=\"lazy\" decoding=\"async\" width=\"618\" height=\"413\" src=\"https:\/\/resumenprovincial.com.ar\/wp-content\/uploads\/2026\/03\/Screenshot_95.png\" alt=\"\" class=\"wp-image-29843\" style=\"width:826px;height:auto\" srcset=\"https:\/\/resumenprovincial.com.ar\/wp-content\/uploads\/2026\/03\/Screenshot_95.png 618w, https:\/\/resumenprovincial.com.ar\/wp-content\/uploads\/2026\/03\/Screenshot_95-300x200.png 300w\" sizes=\"auto, (max-width: 618px) 100vw, 618px\" \/><\/figure>\n\n\n\n<h3 class=\"wp-block-heading\">Una producci\u00f3n que une m\u00fasica, identidad y figuras globales<\/h3>\n\n\n\n<p>Lejos de tratarse de un show tradicional, el videoclip se est\u00e1 desarrollando como una obra cinematogr\u00e1fica breve, con un equipo t\u00e9cnico de primer nivel. Las grabaciones se realizar\u00e1n en diferentes puntos del pa\u00eds, incluyendo escenarios urbanos y paisajes emblem\u00e1ticos que refuercen la impronta federal del proyecto. Esta decisi\u00f3n busca reflejar la diversidad cultural que caracteriza a la Argentina,&nbsp;<em>indic\u00f3 V\u00eda Pa\u00eds.<\/em><\/p>\n\n\n\n<p>Uno de los aspectos m\u00e1s destacados es la participaci\u00f3n de Messi, quien hist\u00f3ricamente ha mantenido un v\u00ednculo cercano con su tierra natal y sus expresiones culturales. Su presencia en este proyecto reafirma ese compromiso, mostrando una faceta m\u00e1s art\u00edstica y cercana al mundo del entretenimiento. Para muchos fan\u00e1ticos, verlo en un videoclip musical representa una oportunidad \u00fanica de descubrir una nueva dimensi\u00f3n del \u00eddolo.<\/p>\n\n\n\n<p>Por su parte, Tini Stoessel aportar\u00e1 su impronta pop y su experiencia en producciones internacionales, mientras que Rodrigo De Paul sumar\u00e1 carisma y conexi\u00f3n con el p\u00fablico joven. La combinaci\u00f3n de estos perfiles promete generar un producto atractivo tanto para audiencias locales como globales.<\/p>\n\n\n\n<p><\/p>\n","protected":false},"excerpt":{"rendered":"<p>Cacho Deicas vuelve a sorprender con un ambicioso proyecto audiovisual que unir&aacute; a Lionel Messi, Tini Stoessel y Rodrigo De&hellip;<\/p>\n","protected":false},"author":2,"featured_media":29845,"comment_status":"closed","ping_status":"closed","sticky":false,"template":"","format":"standard","meta":{"footnotes":""},"categories":[38],"tags":[],"class_list":["post-29841","post","type-post","status-publish","format-standard","has-post-thumbnail","hentry","category-espectaculo"],"_links":{"self":[{"href":"https:\/\/resumenprovincial.com.ar\/index.php?rest_route=\/wp\/v2\/posts\/29841","targetHints":{"allow":["GET"]}}],"collection":[{"href":"https:\/\/resumenprovincial.com.ar\/index.php?rest_route=\/wp\/v2\/posts"}],"about":[{"href":"https:\/\/resumenprovincial.com.ar\/index.php?rest_route=\/wp\/v2\/types\/post"}],"author":[{"embeddable":true,"href":"https:\/\/resumenprovincial.com.ar\/index.php?rest_route=\/wp\/v2\/users\/2"}],"replies":[{"embeddable":true,"href":"https:\/\/resumenprovincial.com.ar\/index.php?rest_route=%2Fwp%2Fv2%2Fcomments&post=29841"}],"version-history":[{"count":1,"href":"https:\/\/resumenprovincial.com.ar\/index.php?rest_route=\/wp\/v2\/posts\/29841\/revisions"}],"predecessor-version":[{"id":29844,"href":"https:\/\/resumenprovincial.com.ar\/index.php?rest_route=\/wp\/v2\/posts\/29841\/revisions\/29844"}],"wp:featuredmedia":[{"embeddable":true,"href":"https:\/\/resumenprovincial.com.ar\/index.php?rest_route=\/wp\/v2\/media\/29845"}],"wp:attachment":[{"href":"https:\/\/resumenprovincial.com.ar\/index.php?rest_route=%2Fwp%2Fv2%2Fmedia&parent=29841"}],"wp:term":[{"taxonomy":"category","embeddable":true,"href":"https:\/\/resumenprovincial.com.ar\/index.php?rest_route=%2Fwp%2Fv2%2Fcategories&post=29841"},{"taxonomy":"post_tag","embeddable":true,"href":"https:\/\/resumenprovincial.com.ar\/index.php?rest_route=%2Fwp%2Fv2%2Ftags&post=29841"}],"curies":[{"name":"wp","href":"https:\/\/api.w.org\/{rel}","templated":true}]}}