{"id":29854,"date":"2026-03-18T00:39:28","date_gmt":"2026-03-18T03:39:28","guid":{"rendered":"https:\/\/resumenprovincial.com.ar\/?p=29854"},"modified":"2026-03-18T00:40:44","modified_gmt":"2026-03-18T03:40:44","slug":"la-corte-rechazo-un-recurso-de-baez-en-un-caso-de-evasion-pero-en-otra-causa-fue-beneficiado-por-la-nueva-ley-de-inocencia-fiscal","status":"publish","type":"post","link":"https:\/\/resumenprovincial.com.ar\/?p=29854","title":{"rendered":"La Corte rechaz\u00f3 un recurso de B\u00e1ez en un caso de evasi\u00f3n, pero en otra causa fue beneficiado por la nueva ley de inocencia fiscal"},"content":{"rendered":"\n<p>Es un caso que indaga sobre Austral Construcciones; al empresario kirchnerista lo favoreci\u00f3 la aplicaci\u00f3n de la nueva legislaci\u00f3n aprobada a instancias del Gobierno<\/p>\n\n\n\n<p>La Corte Suprema de Justicia rechaz\u00f3 un planteo de la defensa del empresario<strong>&nbsp;L\u00e1zaro B\u00e1ez&nbsp;<\/strong>para cerrar una causa por la presunta evasi\u00f3n tributaria y aportes de la seguridad social de la empresa&nbsp;<strong>Austral Construcciones SA<\/strong>. Los jueces&nbsp;<strong>Horacio Rosatti, Carlos Rosenkrantz y Ricardo Lorenzetti<\/strong>&nbsp;desestimaron la presentaci\u00f3n porque no se dirig\u00eda contra una sentencia definitiva o equiparable a tal.<\/p>\n\n\n\n<p>Aunque en paralelo, el&nbsp;<strong>Tribunal Oral en lo Penal Econ\u00f3mico N\u00b0 3<\/strong>&nbsp;sobresey\u00f3 parcialmente a B\u00e1ez y otras 11 personas acusadas de evasi\u00f3n por la misma empresa Austral Construcciones, por aplicar el beneficio de la nueva&nbsp;<strong>Ley de Inocencia Fiscal<\/strong>.<\/p>\n\n\n\n<p>En el caso que resolvi\u00f3 la Corte, la defensa hab\u00eda llegado hasta esa instancia a trav\u00e9s de un recurso extraordinario, para que el Tribunal Oral en lo Penal Econ\u00f3mico 3<strong>&nbsp;\u201cextinguiera la acci\u00f3n penal\u201d&nbsp;<\/strong>porque argumentaron que hab\u00edan pagado los<strong>&nbsp;impuestos<\/strong>&nbsp;en el expediente de la quiebra de Austral Construcciones por unos&nbsp;<strong>600 millones de pesos<\/strong>.<\/p>\n\n\n\n<p>Tanto la fiscal\u00eda como la querella se opusieron.&nbsp;<strong>\u201cEn los delitos tributarios no es posible la reparaci\u00f3n integral\u201d<\/strong>, dijeron y se\u00f1alaron que no estaba acreditado ese pago.<\/p>\n\n\n\n<figure class=\"wp-block-image size-full is-resized\"><img loading=\"lazy\" decoding=\"async\" width=\"793\" height=\"466\" src=\"https:\/\/resumenprovincial.com.ar\/wp-content\/uploads\/2026\/03\/Screenshot_99.png\" alt=\"\" class=\"wp-image-29855\" style=\"width:838px;height:auto\" srcset=\"https:\/\/resumenprovincial.com.ar\/wp-content\/uploads\/2026\/03\/Screenshot_99.png 793w, https:\/\/resumenprovincial.com.ar\/wp-content\/uploads\/2026\/03\/Screenshot_99-300x176.png 300w, https:\/\/resumenprovincial.com.ar\/wp-content\/uploads\/2026\/03\/Screenshot_99-768x451.png 768w\" sizes=\"auto, (max-width: 793px) 100vw, 793px\" \/><\/figure>\n\n\n\n<p>La AFIP dijo que no se pod\u00edan imputar esos pagos porque no eran \u201cconcretos\u201d, sino que ten\u00edan un car\u00e1cter condicional y los s\u00edndicos se\u00f1alaron que \u201cno se inclu\u00edan en el detalle los cr\u00e9ditos reconocidos a la AFIP con car\u00e1cter condicional\u201d.&nbsp;<strong>El tribunal en lo penal econ\u00f3mico rechaz\u00f3 entonces el planteo de B\u00e1ez de tomar el pago como una reparaci\u00f3n del da\u00f1o<\/strong>.<\/p>\n\n\n\n<p>\u201cDebe notarse que si bien existe un monto transferido a la&nbsp;<strong>Administraci\u00f3n Federal de Ingresos P\u00fablicos&nbsp;<\/strong>de $599.582.095,94, del que han dado cuenta tanto la sindicatura interviniente en el referido proceso de quiebra como el propio organismo recaudador, lo cierto es que de tales montos no puede sostenerse que se correspondan con montos actualizados de la pretensi\u00f3n\u201d, dijo el tribunal.<\/p>\n\n\n\n<p>La defensa apel\u00f3 a la&nbsp;<strong>C\u00e1mara Federal de Casaci\u00f3n Penal<\/strong>&nbsp;y la Sala II de ese tribunal ratific\u00f3 el rechazo. Luego present\u00f3 un recurso extraordinario en queja para que la Corte Suprema de Justicia revisara la decisi\u00f3n.&nbsp;<strong>El planteo fue rechazado<\/strong>.<\/p>\n\n\n\n<h2 class=\"wp-block-heading\">Fallo a favor<\/h2>\n\n\n\n<p>Donde s\u00ed recibi\u00f3 una buena noticia B\u00e1ez es en el&nbsp;<strong>Tribunal Oral en lo Penal Econ\u00f3mico N\u00b0 3<\/strong>, que lo sobresey\u00f3 parcialmente por aplicar el beneficio de la ley de inocencia fiscal. Se le reclamaba a Austral Construcciones el&nbsp;<strong>pago del IVA y Ganancias&nbsp;<\/strong>de los per\u00edodos<strong>&nbsp;<\/strong>2010, 2011, 2012, 2013 y 2014. De todos estos per\u00edodos se lo juzgar\u00e1 en juicio oral por la deuda del a\u00f1o 2012, ya que los anteriores quedaron comprendidos por los nuevos pisos fijados por la ley de inocencia fiscal.<\/p>\n\n\n\n<p>La&nbsp;<strong>ley de inocencia fiscal<\/strong>&nbsp;estableci\u00f3 que para considerar evasi\u00f3n el monto evadido debe ser superior a 100.000.000 de pesos por cada tributo y por cada ejercicio anual. Para que sea considerada una evasi\u00f3n agravada,&nbsp;<strong>el monto m\u00ednimo es de 1.000.000.000 de pesos<\/strong>&nbsp;y para el uso de facturas falsas el piso para el delito es de $100.000.000.<\/p>\n\n\n\n<p>La defensa de B\u00e1ez pidi\u00f3 acogerse a estos beneficios y la fiscal\u00eda se opuso. El fiscal general&nbsp;<strong>Diego Velasco<\/strong>&nbsp;sostuvo que la Ley 27.799 representa \u00fanicamente una actualizaci\u00f3n de montos para compensar la depreciaci\u00f3n de la moneda y no es una ley penal m\u00e1s benigna que se aplica de manera retroactiva, por lo que pidi\u00f3 llevar a B\u00e1ez a juicio.<\/p>\n\n\n\n<figure class=\"wp-block-image size-full is-resized\"><img loading=\"lazy\" decoding=\"async\" width=\"670\" height=\"547\" src=\"https:\/\/resumenprovincial.com.ar\/wp-content\/uploads\/2026\/03\/Screenshot_100.png\" alt=\"\" class=\"wp-image-29856\" style=\"width:840px;height:auto\" srcset=\"https:\/\/resumenprovincial.com.ar\/wp-content\/uploads\/2026\/03\/Screenshot_100.png 670w, https:\/\/resumenprovincial.com.ar\/wp-content\/uploads\/2026\/03\/Screenshot_100-300x245.png 300w\" sizes=\"auto, (max-width: 670px) 100vw, 670px\" \/><\/figure>\n\n\n\n<p>Por su parte ARCA no se opuso, aunque defendi\u00f3 el resto de los per\u00edodos fiscales donde la evasi\u00f3n era superior a estos montos. Con estos elementos, los jueces&nbsp;<strong>Jorge Zabala<\/strong>,&nbsp;<strong>Fernando Machado Pelloni<\/strong>&nbsp;y&nbsp;<strong>Karina Perilli<\/strong>&nbsp;sobreseyeron a B\u00e1ez parcialmente para el per\u00edodo del a\u00f1o 2012.<\/p>\n\n\n\n<p>El tribunal sobresey\u00f3 a L\u00e1zaro B\u00e1ez a sus hijos&nbsp;<strong>Mart\u00edn,<\/strong>&nbsp;<strong>Luciana y&nbsp;<\/strong><strong>Leandro B\u00e1ez<\/strong>. Y la medida abarca tambi\u00e9n a&nbsp;<strong>Julio Mendoza<\/strong>, C\u00e9sar Andr\u00e9s, Claudio Bustos, Eduardo Arrej\u00edn, Mario Delgado, Tom\u00e1s Garz\u00f3n, Mar\u00eda Cristina Gonz\u00e1lez, Gast\u00f3n Lemoine, Emilio Mart\u00edn, Ariel Nieto y Hugo Uribe.<\/p>\n\n\n\n<p><strong><em>Fuente: La Nacion <\/em><\/strong><\/p>\n","protected":false},"excerpt":{"rendered":"<p>Es un caso que indaga sobre Austral Construcciones; al empresario kirchnerista lo favoreci&oacute; la aplicaci&oacute;n de la nueva legislaci&oacute;n aprobada&hellip;<\/p>\n","protected":false},"author":2,"featured_media":29859,"comment_status":"closed","ping_status":"closed","sticky":false,"template":"","format":"standard","meta":{"footnotes":""},"categories":[59,37],"tags":[],"class_list":["post-29854","post","type-post","status-publish","format-standard","has-post-thumbnail","hentry","category-justicia","category-politica"],"_links":{"self":[{"href":"https:\/\/resumenprovincial.com.ar\/index.php?rest_route=\/wp\/v2\/posts\/29854","targetHints":{"allow":["GET"]}}],"collection":[{"href":"https:\/\/resumenprovincial.com.ar\/index.php?rest_route=\/wp\/v2\/posts"}],"about":[{"href":"https:\/\/resumenprovincial.com.ar\/index.php?rest_route=\/wp\/v2\/types\/post"}],"author":[{"embeddable":true,"href":"https:\/\/resumenprovincial.com.ar\/index.php?rest_route=\/wp\/v2\/users\/2"}],"replies":[{"embeddable":true,"href":"https:\/\/resumenprovincial.com.ar\/index.php?rest_route=%2Fwp%2Fv2%2Fcomments&post=29854"}],"version-history":[{"count":1,"href":"https:\/\/resumenprovincial.com.ar\/index.php?rest_route=\/wp\/v2\/posts\/29854\/revisions"}],"predecessor-version":[{"id":29857,"href":"https:\/\/resumenprovincial.com.ar\/index.php?rest_route=\/wp\/v2\/posts\/29854\/revisions\/29857"}],"wp:featuredmedia":[{"embeddable":true,"href":"https:\/\/resumenprovincial.com.ar\/index.php?rest_route=\/wp\/v2\/media\/29859"}],"wp:attachment":[{"href":"https:\/\/resumenprovincial.com.ar\/index.php?rest_route=%2Fwp%2Fv2%2Fmedia&parent=29854"}],"wp:term":[{"taxonomy":"category","embeddable":true,"href":"https:\/\/resumenprovincial.com.ar\/index.php?rest_route=%2Fwp%2Fv2%2Fcategories&post=29854"},{"taxonomy":"post_tag","embeddable":true,"href":"https:\/\/resumenprovincial.com.ar\/index.php?rest_route=%2Fwp%2Fv2%2Ftags&post=29854"}],"curies":[{"name":"wp","href":"https:\/\/api.w.org\/{rel}","templated":true}]}}