{"id":29864,"date":"2026-03-18T08:50:23","date_gmt":"2026-03-18T11:50:23","guid":{"rendered":"https:\/\/resumenprovincial.com.ar\/?p=29864"},"modified":"2026-03-18T08:52:38","modified_gmt":"2026-03-18T11:52:38","slug":"daran-de-baja-900-000-planes-sociales-y-los-reemplazaran-por-vouchers","status":"publish","type":"post","link":"https:\/\/resumenprovincial.com.ar\/?p=29864","title":{"rendered":"Dar\u00e1n de baja 900.000 planes sociales y los reemplazar\u00e1n por vouchers"},"content":{"rendered":"\n<p>El Gobierno dar\u00e1 de baja 900 mil planes sociales y los reemplazar\u00e1 por vouchers de capacitaci\u00f3n laboral desde abril, en el marco del cierre del esquema Potenciar Trabajo.<\/p>\n\n\n\n<p>planes sociales y los reemplazar\u00e1 por vouchers de capacitaci\u00f3n laboral desde abril, en una medida que implica el cierre definitivo del esquema heredado del programa Potenciar Trabajo.<\/p>\n\n\n\n<p>La decisi\u00f3n forma parte de la estrategia del Ministerio de Capital Humano, que encabeza Sandra Pettovello, y apunta a transformar el actual sistema de asistencia en un modelo centrado en la formaci\u00f3n y la inserci\u00f3n laboral.<\/p>\n\n\n\n<p>Seg\u00fan se inform\u00f3, los beneficiarios del programa Volver al Trabajo \u2014que hab\u00eda reemplazado al Potenciar Trabajo\u2014 comenzaron a recibir notificaciones a trav\u00e9s de la aplicaci\u00f3n Mi Argentina y por correo electr\u00f3nico, donde se les comunica la finalizaci\u00f3n del beneficio y la posibilidad de incorporarse al nuevo sistema.<\/p>\n\n\n\n<p><strong>Fin de un esquema y cambio de modelo<\/strong><\/p>\n\n\n\n<p>La medida representa el cierre de un proceso iniciado al comienzo de la gesti\u00f3n nacional, cuando se resolvi\u00f3 congelar el Potenciar Trabajo, eliminar la intermediaci\u00f3n de organizaciones sociales y redise\u00f1ar la pol\u00edtica de asistencia. Ese programa lleg\u00f3 a contar con m\u00e1s de 1,3 millones de beneficiarios en los \u00faltimos a\u00f1os. Tras la reconversi\u00f3n, el universo qued\u00f3 dividido entre unos 900 mil titulares incluidos en Volver al Trabajo y otros cerca de 300 mil bajo esquemas de asistencia permanente, que no ser\u00e1n alcanzados por la baja.<\/p>\n","protected":false},"excerpt":{"rendered":"<p>El Gobierno dar&aacute; de baja 900 mil planes sociales y los reemplazar&aacute; por vouchers de capacitaci&oacute;n laboral desde abril, en&hellip;<\/p>\n","protected":false},"author":2,"featured_media":29867,"comment_status":"closed","ping_status":"closed","sticky":false,"template":"","format":"standard","meta":{"footnotes":""},"categories":[36,37],"tags":[],"class_list":["post-29864","post","type-post","status-publish","format-standard","has-post-thumbnail","hentry","category-noticias-2","category-politica"],"_links":{"self":[{"href":"https:\/\/resumenprovincial.com.ar\/index.php?rest_route=\/wp\/v2\/posts\/29864","targetHints":{"allow":["GET"]}}],"collection":[{"href":"https:\/\/resumenprovincial.com.ar\/index.php?rest_route=\/wp\/v2\/posts"}],"about":[{"href":"https:\/\/resumenprovincial.com.ar\/index.php?rest_route=\/wp\/v2\/types\/post"}],"author":[{"embeddable":true,"href":"https:\/\/resumenprovincial.com.ar\/index.php?rest_route=\/wp\/v2\/users\/2"}],"replies":[{"embeddable":true,"href":"https:\/\/resumenprovincial.com.ar\/index.php?rest_route=%2Fwp%2Fv2%2Fcomments&post=29864"}],"version-history":[{"count":2,"href":"https:\/\/resumenprovincial.com.ar\/index.php?rest_route=\/wp\/v2\/posts\/29864\/revisions"}],"predecessor-version":[{"id":29868,"href":"https:\/\/resumenprovincial.com.ar\/index.php?rest_route=\/wp\/v2\/posts\/29864\/revisions\/29868"}],"wp:featuredmedia":[{"embeddable":true,"href":"https:\/\/resumenprovincial.com.ar\/index.php?rest_route=\/wp\/v2\/media\/29867"}],"wp:attachment":[{"href":"https:\/\/resumenprovincial.com.ar\/index.php?rest_route=%2Fwp%2Fv2%2Fmedia&parent=29864"}],"wp:term":[{"taxonomy":"category","embeddable":true,"href":"https:\/\/resumenprovincial.com.ar\/index.php?rest_route=%2Fwp%2Fv2%2Fcategories&post=29864"},{"taxonomy":"post_tag","embeddable":true,"href":"https:\/\/resumenprovincial.com.ar\/index.php?rest_route=%2Fwp%2Fv2%2Ftags&post=29864"}],"curies":[{"name":"wp","href":"https:\/\/api.w.org\/{rel}","templated":true}]}}