{"id":30461,"date":"2026-08-31T21:59:56","date_gmt":"2026-09-01T00:59:56","guid":{"rendered":"https:\/\/resumenprovincial.com.ar\/?p=30461"},"modified":"2026-08-31T21:59:57","modified_gmt":"2026-09-01T00:59:57","slug":"la-fortuna-de-luis-caputo-crecio-65-en-un-ano-y-el-95-de-sus-depositos-esta-en-el-exterior","status":"publish","type":"post","link":"https:\/\/resumenprovincial.com.ar\/?p=30461","title":{"rendered":"La fortuna de Luis Caputo creci\u00f3 65% en un a\u00f1o y el 95% de sus dep\u00f3sitos est\u00e1 en el exterior"},"content":{"rendered":"\n<p>El ministro de Econom\u00eda declar\u00f3 bienes, dinero e inversiones por $19.509 millones al cierre de 2025, unos $7.658 millones m\u00e1s que al comienzo de ese a\u00f1o. Adem\u00e1s, cerca del 68% de su patrimonio total est\u00e1 radicado fuera de la Argentina.<\/p>\n\n\n\n<p id=\"p-1788205796376-54040\">La nueva declaraci\u00f3n jurada patrimonial de Luis Caputo, ministro de Econom\u00eda de la Naci\u00f3n, revela un patrimonio total de $19.509 millones en bienes, dep\u00f3sitos y dinero al cierre de 2025. La cifra representa un incremento de $7.658 millones respecto al comienzo del a\u00f1o, cuando el patrimonio declarado era de $11.851 millones, lo que equivale a una suba del 64,6% medida en pesos.<\/p>\n\n\n\n<p id=\"p-1788205796376-31138\">Del total de $13.030 millones que Caputo declara en dep\u00f3sitos bancarios, $12.422 millones \u2014el 95,3%\u2014 est\u00e1n radicados en el exterior. La porci\u00f3n m\u00e1s significativa, $11.739 millones, corresponde a una cuenta corriente en d\u00f3lares fuera de la Argentina.<\/p>\n\n\n\n<p id=\"p-1788205796376-82336\">Si se toma el total del patrimonio declarado \u2014sumando los dep\u00f3sitos en el exterior y su participaci\u00f3n en la sociedad Ancora Investments L.P.\u2014, aproximadamente el 68% de los bienes de Caputo est\u00e1 radicado fuera del pa\u00eds. Esa proporci\u00f3n trepa al 95,3% si se consideran \u00fanicamente los dep\u00f3sitos bancarios.<\/p>\n\n\n\n<p id=\"p-1788205796376-20737\">La declaraci\u00f3n jurada tambi\u00e9n muestra una fuerte reducci\u00f3n del pasivo del ministro: sus deudas bajaron de $193,9 millones a comienzos de 2025 a $21,9 millones al cierre del ejercicio.<\/p>\n\n\n\n<p id=\"p-1788205796376-84136\">Cabe aclarar que la declaraci\u00f3n jurada, al estar expresada en pesos, no permite establecer por s\u00ed sola cu\u00e1l fue la evoluci\u00f3n porcentual del patrimonio medida en d\u00f3lares, ya que esa comparaci\u00f3n requiere definir qu\u00e9 tipo de cambio se aplica a cada momento del per\u00edodo.<\/p>\n\n\n\n<h2 class=\"wp-block-heading\" id=\"p-1788205796376-3007\">Propiedades: casas, un campo y cocheras<\/h2>\n\n\n\n<p id=\"p-1788205796376-45695\">Entre los bienes inmuebles que Caputo declara figuran:<\/p>\n\n\n\n<ul id=\"p-1788205796376-43016\" class=\"wp-block-list\">\n<li>Una casa de 365 m\u00b2 en la Ciudad de Buenos Aires, utilizada como vivienda familiar.<\/li>\n\n\n\n<li>Un departamento de 200 m\u00b2 en el barrio de Recoleta, recibido por herencia.<\/li>\n\n\n\n<li>Un terreno rural con vivienda de m\u00e1s de 8 millones de m\u00b2 en la localidad bonaerense de Alberti.<\/li>\n\n\n\n<li>Una casa de 617 m\u00b2 en Villa La Angostura, Neuqu\u00e9n.<\/li>\n\n\n\n<li>Un terreno de 3.765 m\u00b2 en Benav\u00eddez.<\/li>\n\n\n\n<li>Un terreno de 100 m\u00b2 en Pilar.<\/li>\n\n\n\n<li>Tres cocheras.<\/li>\n<\/ul>\n\n\n\n<p id=\"p-1788205796376-32374\">Seg\u00fan el propio documento, todos estos bienes fueron adquiridos antes de que Caputo asumiera funciones p\u00fablicas durante el gobierno de Mauricio Macri, con la excepci\u00f3n de dos cocheras incorporadas el 25 de noviembre de 2016.<\/p>\n\n\n\n<h2 class=\"wp-block-heading\" id=\"p-1788205796376-37298\">Acciones y sociedades: de Anker a Ancora<\/h2>\n\n\n\n<p id=\"p-1788205796376-94083\">La declaraci\u00f3n jurada incluye adem\u00e1s una serie de participaciones societarias. Entre ellas, figura una tenencia en Anker Latinoamericana, la consultora que el ministro compart\u00eda con Santiago Bausili, actual presidente del Banco Central. Caputo declara acciones de esa firma por $61,2 millones, correspondientes al 50% de la sociedad, pese a que sostuvo que la empresa dej\u00f3 de operar como consultora en noviembre de 2023, antes de su desembarco en el Ministerio de Econom\u00eda.<\/p>\n\n\n\n<p id=\"p-1788205796376-42948\">Tambi\u00e9n declara una participaci\u00f3n en Ancora Investments LP, sociedad registrada en Canad\u00e1, incluida en la categor\u00eda \u00abOtros bienes en el exterior\u00bb. Esa inversi\u00f3n, valuada en $1.870 millones a comienzos de 2025, cay\u00f3 a $888 millones al cierre del a\u00f1o: una baja de $982 millones, equivalente a aproximadamente el 52,5%.<\/p>\n\n\n\n<p id=\"p-1788205796376-22331\">El resto de sus participaciones societarias incluye m\u00e1s de $2.288 millones en acciones de Palmeral Chico, empresa en la que declara una participaci\u00f3n del 89%, y $459,5 millones en acciones de Sacha Rupaska, correspondientes a una tenencia del 33,33%. En esta \u00faltima sociedad, Caputo comparte la titularidad con Luis Mar\u00eda M\u00e9ndez Ezcurra, esposo de su hermana, Rossana P\u00eda Caputo.<\/p>\n\n\n\n<h2 class=\"wp-block-heading\" id=\"p-1788205796376-75556\">Las repercusiones: de Milei a la cr\u00edtica opositora<\/h2>\n\n\n\n<p id=\"p-1788205796376-78363\">La difusi\u00f3n de la declaraci\u00f3n jurada gener\u00f3 reacciones de distintos sectores. El abogado Carlos Maslat\u00f3n, desde su cuenta en la red social X, consider\u00f3 que el incremento patrimonial de Caputo durante 2025 \u00abtiene sentido\u00bb. Rest\u00f3 importancia a los ingresos que el funcionario recibe como sueldo estatal \u2014a los que calific\u00f3 de irrelevantes para explicar la suba\u2014 y sostuvo que la ganancia proviene \u00abde capital\u00bb, en lo que consider\u00f3 un manejo no ilegal.<\/p>\n\n\n\n<p id=\"p-1788205796376-18160\">Sin embargo, Maslat\u00f3n cuestion\u00f3 el trasfondo del mecanismo: se\u00f1al\u00f3 como objetable que el ministro pueda posicionarse en deuda argentina de corto plazo en pesos, a una tasa que \u00e9l mismo define y con un tipo de cambio que tambi\u00e9n est\u00e1 bajo su \u00f3rbita de decisi\u00f3n. Calific\u00f3 ese esquema, si fuera en parte el origen del incremento, como \u00abla mera existencia de bicicleta financiera armada y garantizada por el gobierno\u00bb y lo defini\u00f3 como \u00abel acto de corrupci\u00f3n financiera m\u00e1xima de la historia argentina\u00bb. Seg\u00fan el abogado, ese mecanismo \u00abdeja 50.000 beneficiados y 47 millones de explotados y fundidos, incluyendo las empresas productivas argentinas y el Estado que se endeuda para beneficiar a unos pocos\u00bb.<\/p>\n\n\n\n<p id=\"p-1788205796376-97665\">Por su parte, el economista y periodista Alejandro Bercovich remarc\u00f3 que el crecimiento patrimonial de Caputo, medido en d\u00f3lares, fue del 37% durante 2025. Seg\u00fan su an\u00e1lisis, ese incremento se dio pese a que el ministro declar\u00f3 gastos mensuales no deducibles y personales por unos $24 millones, una cifra que \u2014de acuerdo al c\u00e1lculo de Bercovich\u2014 equivale a seis veces su salario como funcionario.<\/p>\n","protected":false},"excerpt":{"rendered":"<p>El ministro de Econom&iacute;a declar&oacute; bienes, dinero e inversiones por $19.509 millones al cierre de 2025, unos $7.658 millones m&aacute;s&hellip;<\/p>\n","protected":false},"author":2,"featured_media":30462,"comment_status":"closed","ping_status":"closed","sticky":false,"template":"","format":"standard","meta":{"footnotes":""},"categories":[48],"tags":[],"class_list":["post-30461","post","type-post","status-publish","format-standard","has-post-thumbnail","hentry","category-economia"],"_links":{"self":[{"href":"https:\/\/resumenprovincial.com.ar\/index.php?rest_route=\/wp\/v2\/posts\/30461","targetHints":{"allow":["GET"]}}],"collection":[{"href":"https:\/\/resumenprovincial.com.ar\/index.php?rest_route=\/wp\/v2\/posts"}],"about":[{"href":"https:\/\/resumenprovincial.com.ar\/index.php?rest_route=\/wp\/v2\/types\/post"}],"author":[{"embeddable":true,"href":"https:\/\/resumenprovincial.com.ar\/index.php?rest_route=\/wp\/v2\/users\/2"}],"replies":[{"embeddable":true,"href":"https:\/\/resumenprovincial.com.ar\/index.php?rest_route=%2Fwp%2Fv2%2Fcomments&post=30461"}],"version-history":[{"count":1,"href":"https:\/\/resumenprovincial.com.ar\/index.php?rest_route=\/wp\/v2\/posts\/30461\/revisions"}],"predecessor-version":[{"id":30463,"href":"https:\/\/resumenprovincial.com.ar\/index.php?rest_route=\/wp\/v2\/posts\/30461\/revisions\/30463"}],"wp:featuredmedia":[{"embeddable":true,"href":"https:\/\/resumenprovincial.com.ar\/index.php?rest_route=\/wp\/v2\/media\/30462"}],"wp:attachment":[{"href":"https:\/\/resumenprovincial.com.ar\/index.php?rest_route=%2Fwp%2Fv2%2Fmedia&parent=30461"}],"wp:term":[{"taxonomy":"category","embeddable":true,"href":"https:\/\/resumenprovincial.com.ar\/index.php?rest_route=%2Fwp%2Fv2%2Fcategories&post=30461"},{"taxonomy":"post_tag","embeddable":true,"href":"https:\/\/resumenprovincial.com.ar\/index.php?rest_route=%2Fwp%2Fv2%2Ftags&post=30461"}],"curies":[{"name":"wp","href":"https:\/\/api.w.org\/{rel}","templated":true}]}}