{"id":30464,"date":"2026-08-31T22:05:16","date_gmt":"2026-09-01T01:05:16","guid":{"rendered":"https:\/\/resumenprovincial.com.ar\/?p=30464"},"modified":"2026-08-31T22:05:16","modified_gmt":"2026-09-01T01:05:16","slug":"los-hermanos-milei-declararon-un-patrimonio-de-apenas-223-000-dolares","status":"publish","type":"post","link":"https:\/\/resumenprovincial.com.ar\/?p=30464","title":{"rendered":"Los hermanos Milei declararon un patrimonio de apenas 223.000 d\u00f3lares"},"content":{"rendered":"\n<p>El Presidente inform\u00f3 bienes por $295 millones y su hermana por $35 millones, menos de un tercio de lo que se gast\u00f3 su ex vocero presidencial Manuel Adorni en refacciones. La mayor parte del aumento surge de revaluaciones contables, mientras que las tenencias en d\u00f3lares casi no se modificaron.<\/p>\n\n\n\n<p>El presidente Javier Milei y la secretaria general de la Presidencia, Karina Milei, presentaron sus\u00a0<a href=\"https:\/\/www.eldestapeweb.com\/politica\/sturzenegger-tampoco-confia-gobierno-invierte-afuera-202683113918\">declaraciones juradas<\/a>\u00a0correspondientes a 2025 ante la Oficina Anticorrupci\u00f3n (OA), con incrementos patrimoniales que, a primera vista, muestran evoluciones muy diferentes entre ambos funcionarios.\u00a0<strong>El patrimonio declarado por el Presidente creci\u00f3 43,3% en t\u00e9rminos nominales, mientras que el de su hermana aument\u00f3 209,7%. Sin embargo, una parte central de esos saltos no provino de nuevos ingresos o adquisiciones, sino de la actualizaci\u00f3n del valor fiscal de bienes que ya pose\u00edan.<\/strong><\/p>\n\n\n\n<p>Milei inform\u00f3 al cierre de 2025 bienes por $295.182.652,87, frente a los $206.046.375,48 que hab\u00eda declarado al finalizar 2024.&nbsp;<strong>La diferencia bruta fue de $89,1 millones. Al descontar una deuda de $586.357 con el Banco Supervielle, el patrimonio neto informado qued\u00f3 en $294.596.295,87.<\/strong>&nbsp;La propia declaraci\u00f3n identifica $73.005.241,07 como \u00abdiferencia de valuaci\u00f3n de los mismos bienes\u00bb, por lo que alrededor del 82% del incremento bruto de los activos del Presidente responde a la actualizaci\u00f3n de valores y no a una incorporaci\u00f3n equivalente de riqueza nueva.<\/p>\n\n\n\n<p><strong>El principal movimiento fue la casa de 100 metros cuadrados que Milei posee en la Ciudad de Buenos Aires desde marzo de 2000. El inmueble pas\u00f3 de estar declarado en $38.419.071,20 a $73.573.546,13, una suba de 91,5%<\/strong>. Los dos veh\u00edculos que figuran en la declaraci\u00f3n, una Mercedes-Benz Sprinter modelo 2015 y un Peugeot RCZ Coup\u00e9 modelo 2013, mantuvieron los mismos valores declarados: $20.173.600 y $16.254.200, respectivamente.<\/p>\n\n\n\n<p>La evoluci\u00f3n de los dep\u00f3sitos tampoco permite explicar por s\u00ed sola el incremento patrimonial. Una caja de ahorro en pesos pas\u00f3 de $13.095.495 a $38.644.533, mientras que otros movimientos bancarios compensaron parcialmente esa variaci\u00f3n. En t\u00e9rminos agregados, los dep\u00f3sitos en pesos aumentaron unos $18,6 millones.&nbsp;El dato que permite mirar con mayor precisi\u00f3n la situaci\u00f3n financiera del Presidente es el de las tenencias en moneda extranjera.<\/p>\n\n\n\n<p><strong>Milei declar\u00f3 u$s65.562,10 depositados en cuentas bancarias al cierre de 2025, contra u$s65.542,49 un a\u00f1o antes.<\/strong>&nbsp;Es decir, compr\u00f3 apenas u$s19,61 adicionales durante el per\u00edodo, mientras que la valuaci\u00f3n en pesos de esos d\u00f3lares aument\u00f3 de $67,4 millones a $94,8 millones por el tipo de cambio utilizado para la declaraci\u00f3n.&nbsp;A esa suma se agregan u$s20.000 en efectivo, que permanecieron sin cambios respecto de 2024.&nbsp;La tenencia total informada en d\u00f3lares asciende as\u00ed a unos u$s85.562,10 entre efectivo y dep\u00f3sitos. El salto patrimonial en pesos, por lo tanto, no se explica por una acumulaci\u00f3n significativa de d\u00f3lares, sino principalmente por la cotizaci\u00f3n utilizada para convertir las tenencias y por la revaluaci\u00f3n del inmueble.<\/p>\n\n\n\n<p>Ese punto abre una discusi\u00f3n que excede la comparaci\u00f3n interanual de las cifras. Una declaraci\u00f3n jurada patrimonial no constituye una fotograf\u00eda del dinero disponible de un funcionario ni necesariamente refleja el valor de mercado de sus bienes. La propia estructura de estos formularios permite que una persona mantenga los mismos activos f\u00edsicos y, al mismo tiempo, muestre un aumento nominal importante de su patrimonio debido a las valuaciones. La Oficina Anticorrupci\u00f3n dispone de las declaraciones patrimoniales de los funcionarios del Poder Ejecutivo desde 2012 y permite su consulta en formatos abiertos.&nbsp;<\/p>\n\n\n\n<p>En el caso de Milei, adem\u00e1s, hay una diferencia entre el volumen de ingresos declarado y el dinero que aparece incorporado a sus activos. Durante 2025 inform\u00f3 ingresos netos del trabajo y otras rentas por $81.806.723,92, por debajo de los $92.157.396,22 de 2024. Sus gastos personales, en cambio, subieron de $43.391.712,88 a $66.262.044,60. La combinaci\u00f3n de esos datos no permite afirmar que haya existido un incremento patrimonial equivalente a los $89 millones que muestra la comparaci\u00f3n bruta, porque buena parte de esa diferencia surge de revaluaciones.<\/p>\n\n\n\n<p>La declaraci\u00f3n de Karina presenta una particularidad todav\u00eda mayor. La secretaria general pas\u00f3 de informar bienes por $11.401.021,93 en 2024 a $35.312.784,57 en 2025. El aumento nominal fue de $23,9 millones, equivalente al 209,7%. Su patrimonio neto, despu\u00e9s de descontar deudas, pas\u00f3 de $10.559.060,93 a $34.343.313,57.&nbsp;<strong>La explicaci\u00f3n principal vuelve a estar en una propiedad.<\/strong><\/p>\n\n\n\n<p>El departamento con cochera de 150 metros cuadrados ubicado en Vicente L\u00f3pez, adquirido en 2011, pas\u00f3 de una valuaci\u00f3n declarada de $3.992.825,14 a $28.162.492,74. La diferencia fue de $24.169.667,60, es decir, un incremento de m\u00e1s de seis veces en el valor declarado. La propia presentaci\u00f3n atribuye $24.394.137,87 a la \u00abdiferencia de valuaci\u00f3n de los mismos bienes\u00bb.&nbsp;En el resto de sus activos no aparece una acumulaci\u00f3n de d\u00f3lares que acompa\u00f1e el salto patrimonial. Karina inform\u00f3 apenas u$s 76,69 en una caja de ahorro, adem\u00e1s de $500.000 en efectivo.<\/p>\n\n\n\n<p>Sus dep\u00f3sitos y saldos en pesos aumentaron desde unos $4,4 millones hasta aproximadamente $5,9 millones, con la incorporaci\u00f3n de una cuenta de pago de un proveedor de servicios de pago por $3.852.216.&nbsp;Sus ingresos netos del trabajo durante 2025 fueron de $33.124.206,02, frente a $35.752.225,78 en 2024, mientras que los gastos personales aumentaron de $31.031.592,04 a $33.688.374,25. La evoluci\u00f3n patrimonial se encuentra explicada en buena medida por la actualizaci\u00f3n del valor declarado de un inmueble y no por una acumulaci\u00f3n visible de efectivo o moneda extranjera. En el caso del Presidente, los datos disponibles muestran unos u$s85.562 entre efectivo y dep\u00f3sitos, mientras que en el caso de Karina la tenencia declarada de d\u00f3lares es pr\u00e1cticamente inexistente. Al mismo tiempo, ambos informaron incrementos patrimoniales que, en t\u00e9rminos nominales, alcanzaron cifras importantes.<\/p>\n\n\n\n<p>El contraste con Manuel Adorni permite dimensionar por qu\u00e9 la discusi\u00f3n sobre las declaraciones juradas no puede reducirse a mirar el n\u00famero final del patrimonio. La situaci\u00f3n patrimonial del actual jefe de Gabinete sufri\u00f3 modificaciones mucho mayores y fue objeto de una investigaci\u00f3n judicial por presunto enriquecimiento il\u00edcito. En su declaraci\u00f3n jurada de 2025, presentada en junio de 2026 junto con rectificaciones de per\u00edodos anteriores, Adorni inform\u00f3 una situaci\u00f3n patrimonial muy distinta de la que figuraba originalmente en sus presentaciones.<\/p>\n\n\n\n<p>En la rectificaci\u00f3n de su declaraci\u00f3n de 2023,&nbsp;<strong>Adorni pas\u00f3 a informar u$s 513.000 en efectivo, adem\u00e1s de otros activos financieros y criptoactivos. En la declaraci\u00f3n correspondiente a 2025<\/strong>, las tenencias de d\u00f3lares en efectivo quedaron en u$s209.961,52. El propio Adorni<\/p>\n\n\n\n<p><strong><em>Fuente: El Destape<\/em><\/strong><\/p>\n","protected":false},"excerpt":{"rendered":"<p>El Presidente inform&oacute; bienes por $295 millones y su hermana por $35 millones, menos de un tercio de lo que&hellip;<\/p>\n","protected":false},"author":2,"featured_media":30465,"comment_status":"closed","ping_status":"closed","sticky":false,"template":"","format":"standard","meta":{"footnotes":""},"categories":[37],"tags":[],"class_list":["post-30464","post","type-post","status-publish","format-standard","has-post-thumbnail","hentry","category-politica"],"_links":{"self":[{"href":"https:\/\/resumenprovincial.com.ar\/index.php?rest_route=\/wp\/v2\/posts\/30464","targetHints":{"allow":["GET"]}}],"collection":[{"href":"https:\/\/resumenprovincial.com.ar\/index.php?rest_route=\/wp\/v2\/posts"}],"about":[{"href":"https:\/\/resumenprovincial.com.ar\/index.php?rest_route=\/wp\/v2\/types\/post"}],"author":[{"embeddable":true,"href":"https:\/\/resumenprovincial.com.ar\/index.php?rest_route=\/wp\/v2\/users\/2"}],"replies":[{"embeddable":true,"href":"https:\/\/resumenprovincial.com.ar\/index.php?rest_route=%2Fwp%2Fv2%2Fcomments&post=30464"}],"version-history":[{"count":1,"href":"https:\/\/resumenprovincial.com.ar\/index.php?rest_route=\/wp\/v2\/posts\/30464\/revisions"}],"predecessor-version":[{"id":30466,"href":"https:\/\/resumenprovincial.com.ar\/index.php?rest_route=\/wp\/v2\/posts\/30464\/revisions\/30466"}],"wp:featuredmedia":[{"embeddable":true,"href":"https:\/\/resumenprovincial.com.ar\/index.php?rest_route=\/wp\/v2\/media\/30465"}],"wp:attachment":[{"href":"https:\/\/resumenprovincial.com.ar\/index.php?rest_route=%2Fwp%2Fv2%2Fmedia&parent=30464"}],"wp:term":[{"taxonomy":"category","embeddable":true,"href":"https:\/\/resumenprovincial.com.ar\/index.php?rest_route=%2Fwp%2Fv2%2Fcategories&post=30464"},{"taxonomy":"post_tag","embeddable":true,"href":"https:\/\/resumenprovincial.com.ar\/index.php?rest_route=%2Fwp%2Fv2%2Ftags&post=30464"}],"curies":[{"name":"wp","href":"https:\/\/api.w.org\/{rel}","templated":true}]}}