{"id":30467,"date":"2026-08-31T22:12:27","date_gmt":"2026-09-01T01:12:27","guid":{"rendered":"https:\/\/resumenprovincial.com.ar\/?p=30467"},"modified":"2026-08-31T22:12:28","modified_gmt":"2026-09-01T01:12:28","slug":"tini-rompio-el-silencio-y-hablo-de-lo-ocurrido-en-su-familia-las-cosas-mas-claras","status":"publish","type":"post","link":"https:\/\/resumenprovincial.com.ar\/?p=30467","title":{"rendered":"Tini rompi\u00f3 el silencio y habl\u00f3 de lo ocurrido en su familia: \u00abLas cosas m\u00e1s claras\u00bb"},"content":{"rendered":"\n<p>Tini habl\u00f3 por primera vez tras el esc\u00e1ndalo que se desat\u00f3 en su familia, previo a sus pr\u00f3ximos conciertos en agenda. <\/p>\n\n\n\n<p><strong><a target=\"_blank\" href=\"https:\/\/www.eldestapeweb.com\/espectaculos\/filtraron-dijo-madre-tini-stoessel-alejandro-stoessel-padre-cantante-202683116748\" rel=\"noreferrer noopener\">Tini Stoessel<\/a>&nbsp;<\/strong>estuvo durante las \u00faltimas semanas en el foco medi\u00e1tico, debido al&nbsp;<strong>esc\u00e1ndalo que explot\u00f3 sobre su familia<\/strong>&nbsp;y c\u00f3mo esta manten\u00eda control absoluto sobre los ingresos que la artista hab\u00eda percibido a lo largo de su trayectoria, estando todo ese patrimonio en poder de empresas bajo la \u00f3rbita de su padre pero de las cuales ella no ten\u00eda participaci\u00f3n alguna.<\/p>\n\n\n\n<p>Mucho se habl\u00f3 al respecto y varias fueron las versiones que circularon, muchas de las cuales inclu\u00edan tambi\u00e9n tanto a su madre como su hermano (como el caso de los boliches que este \u00faltimo manejaba). Sin embargo, tras mucho tiempo, finalmente&nbsp;<strong>la cantante sali\u00f3 a hablar<\/strong>&nbsp;y brind\u00f3 algunos detalles sobre su situaci\u00f3n actual.<\/p>\n\n\n\n<figure class=\"wp-block-image size-large\"><img loading=\"lazy\" decoding=\"async\" width=\"1024\" height=\"576\" src=\"https:\/\/resumenprovincial.com.ar\/wp-content\/uploads\/2026\/08\/1787064542685-1024x576.webp\" alt=\"\" class=\"wp-image-30468\" srcset=\"https:\/\/resumenprovincial.com.ar\/wp-content\/uploads\/2026\/08\/1787064542685-1024x576.webp 1024w, https:\/\/resumenprovincial.com.ar\/wp-content\/uploads\/2026\/08\/1787064542685-300x169.webp 300w, https:\/\/resumenprovincial.com.ar\/wp-content\/uploads\/2026\/08\/1787064542685-768x432.webp 768w, https:\/\/resumenprovincial.com.ar\/wp-content\/uploads\/2026\/08\/1787064542685.webp 1365w\" sizes=\"auto, (max-width: 1024px) 100vw, 1024px\" \/><\/figure>\n\n\n\n<h2 class=\"wp-block-heading\">\u00bfQu\u00e9 dijo Tini sobre lo ocurrido con su familia?<\/h2>\n\n\n\n<p>Durante una serie de notas que brind\u00f3 previo a sus shows en M\u00e9xico y El Salvador en el marco de su gira (Futttura), fue consultada respecto a las situaciones personales que vivi\u00f3 durante este \u00faltimo tiempo. \u00abClaramente,&nbsp;<strong>uno va creciendo<\/strong>, yo me fui encontrando, al igual que lo hizo la gente con mi m\u00fasica en sus vidas. Tengo ya casi 30 a\u00f1os, eso de sentirse una m\u00e1s segura arriba del escenario, con sus canciones, tambi\u00e9n a la hora de declarar, de ser y&nbsp;<strong>encontrarme en mi espacio y tener las cosas m\u00e1s claras<\/strong>\u00ab.<\/p>\n\n\n\n<p>En ese sentido, sostuvo: \u00ab<strong>Creo que eso viene de la mano con la edad y con crecer<\/strong>. Un punto de inflexi\u00f3n en mi carrera fue a trav\u00e9s de mi \u00faltimo \u00e1lbum. Pude abrirme desde un lado extremadamente personal. Me dio mucho miedo sacarlo&nbsp;porque nunca hab\u00eda sido tan honesta con mis canciones\u00bb. Para poner de ejemplo, mencion\u00f3: \u00abHay una canci\u00f3n que lo dice:<strong>&nbsp;\u2018Cerrando y abriendo heridas, de eso se trata la vida\u2019<\/strong>. Creo que todos estamos siempre pasando por algo, en un proceso de soltar, de animarte a volver a ese lugar oscuro\u00bb.<\/p>\n\n\n\n<p>\u00abA m\u00ed me parece lo m\u00e1s m\u00e1gico del mundo, porque me pasa con mis artistas preferidos que me hacen replantearme muchas cosas.\u00a0<strong>Y eso es muy m\u00e1gico, la verdad<\/strong>\u00ab, concluy\u00f3.<\/p>\n\n\n\n<p><\/p>\n","protected":false},"excerpt":{"rendered":"<p>Tini habl&oacute; por primera vez tras el esc&aacute;ndalo que se desat&oacute; en su familia, previo a sus pr&oacute;ximos conciertos en&hellip;<\/p>\n","protected":false},"author":2,"featured_media":30469,"comment_status":"closed","ping_status":"closed","sticky":false,"template":"","format":"standard","meta":{"footnotes":""},"categories":[38],"tags":[],"class_list":["post-30467","post","type-post","status-publish","format-standard","has-post-thumbnail","hentry","category-espectaculo"],"_links":{"self":[{"href":"https:\/\/resumenprovincial.com.ar\/index.php?rest_route=\/wp\/v2\/posts\/30467","targetHints":{"allow":["GET"]}}],"collection":[{"href":"https:\/\/resumenprovincial.com.ar\/index.php?rest_route=\/wp\/v2\/posts"}],"about":[{"href":"https:\/\/resumenprovincial.com.ar\/index.php?rest_route=\/wp\/v2\/types\/post"}],"author":[{"embeddable":true,"href":"https:\/\/resumenprovincial.com.ar\/index.php?rest_route=\/wp\/v2\/users\/2"}],"replies":[{"embeddable":true,"href":"https:\/\/resumenprovincial.com.ar\/index.php?rest_route=%2Fwp%2Fv2%2Fcomments&post=30467"}],"version-history":[{"count":1,"href":"https:\/\/resumenprovincial.com.ar\/index.php?rest_route=\/wp\/v2\/posts\/30467\/revisions"}],"predecessor-version":[{"id":30470,"href":"https:\/\/resumenprovincial.com.ar\/index.php?rest_route=\/wp\/v2\/posts\/30467\/revisions\/30470"}],"wp:featuredmedia":[{"embeddable":true,"href":"https:\/\/resumenprovincial.com.ar\/index.php?rest_route=\/wp\/v2\/media\/30469"}],"wp:attachment":[{"href":"https:\/\/resumenprovincial.com.ar\/index.php?rest_route=%2Fwp%2Fv2%2Fmedia&parent=30467"}],"wp:term":[{"taxonomy":"category","embeddable":true,"href":"https:\/\/resumenprovincial.com.ar\/index.php?rest_route=%2Fwp%2Fv2%2Fcategories&post=30467"},{"taxonomy":"post_tag","embeddable":true,"href":"https:\/\/resumenprovincial.com.ar\/index.php?rest_route=%2Fwp%2Fv2%2Ftags&post=30467"}],"curies":[{"name":"wp","href":"https:\/\/api.w.org\/{rel}","templated":true}]}}