{"id":30471,"date":"2026-09-02T04:01:40","date_gmt":"2026-09-02T07:01:40","guid":{"rendered":"https:\/\/resumenprovincial.com.ar\/?p=30471"},"modified":"2026-09-02T04:01:40","modified_gmt":"2026-09-02T07:01:40","slug":"martita-fort-hablo-de-licha-martinez-y-su-esposa-le-respondio-como-mucho-mejor-en-casa","status":"publish","type":"post","link":"https:\/\/resumenprovincial.com.ar\/?p=30471","title":{"rendered":"Martita Fort habl\u00f3 de Licha Mart\u00ednez y su esposa le respondi\u00f3: \u00abComo mucho mejor en casa\u00bb"},"content":{"rendered":"\n<p>Martita Fort habl\u00f3 de Licha Mart\u00ednez durante una entrevista y lanz\u00f3 comentarios que r\u00e1pidamente se viralizaron. Poco despu\u00e9s, Muri L\u00f3pez Ben\u00edtez, esposa del futbolista, public\u00f3 una sugestiva frase en sus redes.<\/p>\n\n\n\n<p><strong>Martita Fort habl\u00f3 de Licha Mart\u00ednez<\/strong>&nbsp;durante una entrevista en Blender y sus comentarios sobre el defensor de la Selecci\u00f3n argentina tuvieron una r\u00e1pida repercusi\u00f3n en las redes sociales. La influencer elogi\u00f3 la apariencia del futbolista y realiz\u00f3 una referencia de tono sexual que se convirti\u00f3 en uno de los momentos m\u00e1s comentados de la charla.<\/p>\n\n\n\n<figure class=\"wp-block-image size-full is-resized\"><img loading=\"lazy\" decoding=\"async\" width=\"387\" height=\"516\" src=\"https:\/\/resumenprovincial.com.ar\/wp-content\/uploads\/2026\/09\/images-1.jpg\" alt=\"\" class=\"wp-image-30473\" style=\"width:840px;height:auto\" srcset=\"https:\/\/resumenprovincial.com.ar\/wp-content\/uploads\/2026\/09\/images-1.jpg 387w, https:\/\/resumenprovincial.com.ar\/wp-content\/uploads\/2026\/09\/images-1-225x300.jpg 225w\" sizes=\"auto, (max-width: 387px) 100vw, 387px\" \/><\/figure>\n\n\n\n<p>Mientras opinaba sobre distintos integrantes del seleccionado nacional, Fort se detuvo en Lisandro \u201cLicha\u201d Mart\u00ednez y comenz\u00f3 defini\u00e9ndolo como&nbsp;<strong>\u201cun chico muy fachero\u201d<\/strong>. Luego, profundiz\u00f3 sus elogios y asegur\u00f3 que era&nbsp;<strong>\u201cun turro muy lindo\u201d<\/strong>.<\/p>\n\n\n\n<p>in embargo, la frase que termin\u00f3 viraliz\u00e1ndose lleg\u00f3 cuando la influencer fue m\u00e1s all\u00e1 en su descripci\u00f3n y expres\u00f3:\u00a0<strong>\u201cTiene pinta de cog&#8230; muy bien\u201d<\/strong>. El comentario circul\u00f3 r\u00e1pidamente en redes y gener\u00f3 numerosas reacciones.<\/p>\n\n\n\n<figure class=\"wp-block-image size-full is-resized\"><img loading=\"lazy\" decoding=\"async\" width=\"480\" height=\"639\" src=\"https:\/\/resumenprovincial.com.ar\/wp-content\/uploads\/2026\/09\/images.jpg\" alt=\"\" class=\"wp-image-30474\" style=\"width:840px;height:auto\" srcset=\"https:\/\/resumenprovincial.com.ar\/wp-content\/uploads\/2026\/09\/images.jpg 480w, https:\/\/resumenprovincial.com.ar\/wp-content\/uploads\/2026\/09\/images-225x300.jpg 225w\" sizes=\"auto, (max-width: 480px) 100vw, 480px\" \/><\/figure>\n\n\n\n<p>Poco despu\u00e9s de la repercusi\u00f3n que tuvieron las declaraciones de Martita Fort,&nbsp;<strong>Muri L\u00f3pez Ben\u00edtez<\/strong>, esposa de Licha Mart\u00ednez, realiz\u00f3 una publicaci\u00f3n que fue interpretada por usuarios de redes sociales como una indirecta dirigida a la influencer.<\/p>\n\n\n\n<p>L\u00f3pez Ben\u00edtez comparti\u00f3 una fotograf\u00eda del futbolista mientras ambos disfrutaban de una cena en un restaurante. La imagen estuvo acompa\u00f1ada por una sugestiva frase:&nbsp;<strong>\u201cmuy lindo el restaurante pero yo como mucho mejor en casa\u201d<\/strong>.<\/p>\n\n\n\n<figure class=\"wp-block-image size-large\"><img loading=\"lazy\" decoding=\"async\" width=\"1024\" height=\"576\" src=\"https:\/\/resumenprovincial.com.ar\/wp-content\/uploads\/2026\/09\/lisandro-martinez-1024x576.webp\" alt=\"\" class=\"wp-image-30475\" srcset=\"https:\/\/resumenprovincial.com.ar\/wp-content\/uploads\/2026\/09\/lisandro-martinez-1024x576.webp 1024w, https:\/\/resumenprovincial.com.ar\/wp-content\/uploads\/2026\/09\/lisandro-martinez-300x169.webp 300w, https:\/\/resumenprovincial.com.ar\/wp-content\/uploads\/2026\/09\/lisandro-martinez-768x432.webp 768w, https:\/\/resumenprovincial.com.ar\/wp-content\/uploads\/2026\/09\/lisandro-martinez.webp 1200w\" sizes=\"auto, (max-width: 1024px) 100vw, 1024px\" \/><\/figure>\n\n\n\n<p>Aunque la esposa del defensor no mencion\u00f3 a Martita Fort ni hizo una referencia expl\u00edcita a la entrevista, la cercan\u00eda temporal entre ambas publicaciones provoc\u00f3 que numerosos usuarios interpretaran el mensaje como una respuesta a los comentarios sobre Mart\u00ednez.<\/p>\n","protected":false},"excerpt":{"rendered":"<p>Martita Fort habl&oacute; de Licha Mart&iacute;nez durante una entrevista y lanz&oacute; comentarios que r&aacute;pidamente se viralizaron. Poco despu&eacute;s, Muri L&oacute;pez&hellip;<\/p>\n","protected":false},"author":2,"featured_media":30476,"comment_status":"closed","ping_status":"closed","sticky":false,"template":"","format":"standard","meta":{"footnotes":""},"categories":[38],"tags":[],"class_list":["post-30471","post","type-post","status-publish","format-standard","has-post-thumbnail","hentry","category-espectaculo"],"_links":{"self":[{"href":"https:\/\/resumenprovincial.com.ar\/index.php?rest_route=\/wp\/v2\/posts\/30471","targetHints":{"allow":["GET"]}}],"collection":[{"href":"https:\/\/resumenprovincial.com.ar\/index.php?rest_route=\/wp\/v2\/posts"}],"about":[{"href":"https:\/\/resumenprovincial.com.ar\/index.php?rest_route=\/wp\/v2\/types\/post"}],"author":[{"embeddable":true,"href":"https:\/\/resumenprovincial.com.ar\/index.php?rest_route=\/wp\/v2\/users\/2"}],"replies":[{"embeddable":true,"href":"https:\/\/resumenprovincial.com.ar\/index.php?rest_route=%2Fwp%2Fv2%2Fcomments&post=30471"}],"version-history":[{"count":1,"href":"https:\/\/resumenprovincial.com.ar\/index.php?rest_route=\/wp\/v2\/posts\/30471\/revisions"}],"predecessor-version":[{"id":30477,"href":"https:\/\/resumenprovincial.com.ar\/index.php?rest_route=\/wp\/v2\/posts\/30471\/revisions\/30477"}],"wp:featuredmedia":[{"embeddable":true,"href":"https:\/\/resumenprovincial.com.ar\/index.php?rest_route=\/wp\/v2\/media\/30476"}],"wp:attachment":[{"href":"https:\/\/resumenprovincial.com.ar\/index.php?rest_route=%2Fwp%2Fv2%2Fmedia&parent=30471"}],"wp:term":[{"taxonomy":"category","embeddable":true,"href":"https:\/\/resumenprovincial.com.ar\/index.php?rest_route=%2Fwp%2Fv2%2Fcategories&post=30471"},{"taxonomy":"post_tag","embeddable":true,"href":"https:\/\/resumenprovincial.com.ar\/index.php?rest_route=%2Fwp%2Fv2%2Ftags&post=30471"}],"curies":[{"name":"wp","href":"https:\/\/api.w.org\/{rel}","templated":true}]}}