{"id":30478,"date":"2026-09-02T04:06:24","date_gmt":"2026-09-02T07:06:24","guid":{"rendered":"https:\/\/resumenprovincial.com.ar\/?p=30478"},"modified":"2026-09-02T04:06:25","modified_gmt":"2026-09-02T07:06:25","slug":"granja-tres-arroyos-la-justicia-embargo-propiedades-a-los-duenos-de-la-empresa","status":"publish","type":"post","link":"https:\/\/resumenprovincial.com.ar\/?p=30478","title":{"rendered":"Granja Tres Arroyos: la Justicia embarg\u00f3 propiedades a los due\u00f1os de la empresa"},"content":{"rendered":"\n<p>La Justicia dispuso el embargo de determinados inmuebles vinculados a integrantes de la familia De Grazia, due\u00f1os de la empresa Granja Tres Arroyos.<\/p>\n\n\n\n<p><strong>La crisis financiera que atraviesa\u00a0<a href=\"https:\/\/www.unoentrerios.com.ar\/contenidos\/resultado.html?search=Granja+Tres+Arroyos\" target=\"_blank\" rel=\"noreferrer noopener\">Granja Tres Arroyos<\/a>\u00a0sum\u00f3 un nuevo cap\u00edtulo en los tribunales. La Justicia dispuso el embargo de determinados inmuebles vinculados a integrantes de la familia De Grazia, mientras que en un expediente relacionado con Avex tambi\u00e9n orden\u00f3 una inhibici\u00f3n general de bienes.<\/strong><\/p>\n\n\n\n<p>En este \u00faltimo caso, la medida alcanza a la empresa y a cinco personas vinculadas al grupo empresario.<\/p>\n\n\n\n<h2 class=\"wp-block-heading\" id=\"p-1788311700212-75164\">Embargos a los due\u00f1os de Granja Tres Arroyos<\/h2>\n\n\n\n<p id=\"p-1788311117779-22563\">Las resoluciones surgieron a partir de reclamos de entidades financieras por obligaciones impagas. Al mismo tiempo, Granja Tres Arroyos enfrenta m\u00faltiples ejecuciones y cuatro pedidos de quiebra promovidos por diferentes acreedores.<\/p>\n\n\n\n<p id=\"p-1788311098720-39624\">En una de las causas, iniciada por una deuda atribuida a Granja Tres Arroyos y sus garantes, el monto reclamado alcanza aproximadamente 1.195 millones pesos, al que se agregan otros 600 millones estimados en concepto de intereses y costas. El Juzgado Nacional en lo Comercial N\u00b019 orden\u00f3 avanzar con embargos sobre propiedades que, seg\u00fan los registros correspondientes, pertenezcan a Joaqu\u00edn De Grazia o Elba Elisa De Grazia.<\/p>\n\n\n\n<p id=\"p-1788311440255-18875\">Entre los inmuebles se\u00f1alados figuran un departamento y una cochera situados en la avenida Francisco Beir\u00f3, en la Ciudad de Buenos Aires; un terreno ubicado en Canning y una propiedad dentro del Highland Park Country Club, en Pilar.<\/p>\n\n\n\n<p id=\"p-1788311442312-15274\"><strong><a href=\"https:\/\/www.unoentrerios.com.ar\/la-provincia\/la-crisis-granja-tres-arroyos-se-extiende-y-activa-una-mesa-entre-rios-cordoba-y-buenos-aires-n10278635.html\" target=\"_blank\" rel=\"noreferrer noopener\">LEER M\u00c1S: La crisis de Granja Tres Arroyos se extiende y activa una mesa entre Entre R\u00edos, C\u00f3rdoba y Buenos Aires<\/a><\/strong><\/p>\n\n\n\n<p id=\"p-1788311145279-33240\">La resoluci\u00f3n establece que las medidas deber\u00e1n efectivizarse sobre aquellos bienes cuya titularidad sea confirmada registralmente. Por el momento, el magistrado no hizo lugar al pedido de una inhibici\u00f3n general dentro de ese expediente.<\/p>\n\n\n\n<p id=\"p-1788311098720-51906\">Una segunda causa involucra a Avex SA por una deuda de 115.000 d\u00f3lares, m\u00e1s aproximadamente 34.500 d\u00f3lares calculados provisoriamente por intereses y gastos judiciales. En este caso, el Juzgado Comercial N\u00b016 dispuso embargos sobre determinados inmuebles y, adem\u00e1s, estableci\u00f3 una inhibici\u00f3n general de bienes para Avex y cinco personas relacionadas con la compa\u00f1\u00eda.<\/p>\n\n\n\n<p id=\"p-1788311168692-8302\">La medida alcanza a Elba Elisa De Grazia, In\u00e9s Magallanes, Joaqu\u00edn De Grazia, Marcelo Carlos De Grazia y Romina Paola Elizabeth Pato.<\/p>\n\n\n\n<p id=\"p-1788311171722-93821\">En Concepci\u00f3n del Uruguay, adem\u00e1s, la empresa desvincul\u00f3 recientemente a 350 trabajadores de una dotaci\u00f3n aproximada de 900 empleados. Los telegramas enviados por la compa\u00f1\u00eda atribuyeron la decisi\u00f3n a una fuerte reducci\u00f3n del trabajo, mientras que desde el sector gremial se denunciaron importantes atrasos salariales. En paralelo con los procesos judiciales, Granja Tres Arroyos intenta avanzar en una reestructuraci\u00f3n de pasivos estimados en 350,9 millones de d\u00f3lares.<\/p>\n\n\n\n<p><em><strong>Fuente: Diario Uno<\/strong><\/em><\/p>\n","protected":false},"excerpt":{"rendered":"<p>La Justicia dispuso el embargo de determinados inmuebles vinculados a integrantes de la familia De Grazia, due&ntilde;os de la empresa&hellip;<\/p>\n","protected":false},"author":2,"featured_media":30479,"comment_status":"closed","ping_status":"closed","sticky":false,"template":"","format":"standard","meta":{"footnotes":""},"categories":[48],"tags":[],"class_list":["post-30478","post","type-post","status-publish","format-standard","has-post-thumbnail","hentry","category-economia"],"_links":{"self":[{"href":"https:\/\/resumenprovincial.com.ar\/index.php?rest_route=\/wp\/v2\/posts\/30478","targetHints":{"allow":["GET"]}}],"collection":[{"href":"https:\/\/resumenprovincial.com.ar\/index.php?rest_route=\/wp\/v2\/posts"}],"about":[{"href":"https:\/\/resumenprovincial.com.ar\/index.php?rest_route=\/wp\/v2\/types\/post"}],"author":[{"embeddable":true,"href":"https:\/\/resumenprovincial.com.ar\/index.php?rest_route=\/wp\/v2\/users\/2"}],"replies":[{"embeddable":true,"href":"https:\/\/resumenprovincial.com.ar\/index.php?rest_route=%2Fwp%2Fv2%2Fcomments&post=30478"}],"version-history":[{"count":1,"href":"https:\/\/resumenprovincial.com.ar\/index.php?rest_route=\/wp\/v2\/posts\/30478\/revisions"}],"predecessor-version":[{"id":30480,"href":"https:\/\/resumenprovincial.com.ar\/index.php?rest_route=\/wp\/v2\/posts\/30478\/revisions\/30480"}],"wp:featuredmedia":[{"embeddable":true,"href":"https:\/\/resumenprovincial.com.ar\/index.php?rest_route=\/wp\/v2\/media\/30479"}],"wp:attachment":[{"href":"https:\/\/resumenprovincial.com.ar\/index.php?rest_route=%2Fwp%2Fv2%2Fmedia&parent=30478"}],"wp:term":[{"taxonomy":"category","embeddable":true,"href":"https:\/\/resumenprovincial.com.ar\/index.php?rest_route=%2Fwp%2Fv2%2Fcategories&post=30478"},{"taxonomy":"post_tag","embeddable":true,"href":"https:\/\/resumenprovincial.com.ar\/index.php?rest_route=%2Fwp%2Fv2%2Ftags&post=30478"}],"curies":[{"name":"wp","href":"https:\/\/api.w.org\/{rel}","templated":true}]}}