{"id":30481,"date":"2026-09-02T04:09:53","date_gmt":"2026-09-02T07:09:53","guid":{"rendered":"https:\/\/resumenprovincial.com.ar\/?p=30481"},"modified":"2026-09-02T04:09:53","modified_gmt":"2026-09-02T07:09:53","slug":"encontraron-muerto-a-un-hombre-de-70-anos-en-parana-e-investigan-las-circunstancias","status":"publish","type":"post","link":"https:\/\/resumenprovincial.com.ar\/?p=30481","title":{"rendered":"Encontraron muerto a un hombre de 70 a\u00f1os en Paran\u00e1 e investigan las circunstancias"},"content":{"rendered":"\n<p>Vecinos de la zona dieron aviso al 911 luego de percibir un fuerte olor proveniente del interior de la vivienda. El hombre fue hallado en su casa muerto.<\/p>\n\n\n\n<p><strong>Un hombre de 70 a\u00f1os fue encontrado muerto este lunes en una vivienda ubicada sobre calle Duportal, en el barrio Libertad de Paran\u00e1. El hallazgo gener\u00f3 la intervenci\u00f3n policial y se inici\u00f3 una investigaci\u00f3n para determinar las circunstancias en las que se produjo el fallecimiento.<\/strong><\/p>\n\n\n\n<h2 class=\"wp-block-heading\" id=\"p-1788310399634-77837\"><strong>Investigan lo que pas\u00f3 con el hombre<\/strong><\/h2>\n\n\n\n<p id=\"p-1788310158541-52742\">Seg\u00fan las primeras informaciones,&nbsp;<strong>vecinos de la zona dieron aviso al 911 luego de percibir un fuerte olor proveniente del interior de la vivienda<\/strong>. Adem\u00e1s, se\u00f1alaron que no hab\u00edan visto al hombre durante aproximadamente siete d\u00edas.<\/p>\n\n\n\n<p id=\"p-1788310158541-70272\">Ante la situaci\u00f3n, personal policial se hizo presente en el domicilio y constat\u00f3 que el hombre se encontraba sin vida.<\/p>\n\n\n\n<p id=\"p-1788310158541-85439\">La zona fue preservada mientras se desarrollaban las primeras actuaciones para establecer qu\u00e9 ocurri\u00f3 y determinar las causas del fallecimiento.&nbsp;<strong>Hasta el momento no se informaron oficialmente indicios que permitan establecer que se trat\u00f3 de un hecho violento.<\/strong><\/p>\n\n\n\n<p id=\"p-1788310158541-3776\">La investigaci\u00f3n contin\u00faa con las pericias correspondientes y se aguarda el resultado de las actuaciones para esclarecer el caso. La direcci\u00f3n de calle Duportal se encuentra efectivamente en el barrio Libertad de Paran\u00e1.<\/p>\n\n\n\n<p><\/p>\n","protected":false},"excerpt":{"rendered":"<p>Vecinos de la zona dieron aviso al 911 luego de percibir un fuerte olor proveniente del interior de la vivienda.&hellip;<\/p>\n","protected":false},"author":2,"featured_media":30482,"comment_status":"closed","ping_status":"closed","sticky":false,"template":"","format":"standard","meta":{"footnotes":""},"categories":[47],"tags":[],"class_list":["post-30481","post","type-post","status-publish","format-standard","has-post-thumbnail","hentry","category-policiales"],"_links":{"self":[{"href":"https:\/\/resumenprovincial.com.ar\/index.php?rest_route=\/wp\/v2\/posts\/30481","targetHints":{"allow":["GET"]}}],"collection":[{"href":"https:\/\/resumenprovincial.com.ar\/index.php?rest_route=\/wp\/v2\/posts"}],"about":[{"href":"https:\/\/resumenprovincial.com.ar\/index.php?rest_route=\/wp\/v2\/types\/post"}],"author":[{"embeddable":true,"href":"https:\/\/resumenprovincial.com.ar\/index.php?rest_route=\/wp\/v2\/users\/2"}],"replies":[{"embeddable":true,"href":"https:\/\/resumenprovincial.com.ar\/index.php?rest_route=%2Fwp%2Fv2%2Fcomments&post=30481"}],"version-history":[{"count":1,"href":"https:\/\/resumenprovincial.com.ar\/index.php?rest_route=\/wp\/v2\/posts\/30481\/revisions"}],"predecessor-version":[{"id":30483,"href":"https:\/\/resumenprovincial.com.ar\/index.php?rest_route=\/wp\/v2\/posts\/30481\/revisions\/30483"}],"wp:featuredmedia":[{"embeddable":true,"href":"https:\/\/resumenprovincial.com.ar\/index.php?rest_route=\/wp\/v2\/media\/30482"}],"wp:attachment":[{"href":"https:\/\/resumenprovincial.com.ar\/index.php?rest_route=%2Fwp%2Fv2%2Fmedia&parent=30481"}],"wp:term":[{"taxonomy":"category","embeddable":true,"href":"https:\/\/resumenprovincial.com.ar\/index.php?rest_route=%2Fwp%2Fv2%2Fcategories&post=30481"},{"taxonomy":"post_tag","embeddable":true,"href":"https:\/\/resumenprovincial.com.ar\/index.php?rest_route=%2Fwp%2Fv2%2Ftags&post=30481"}],"curies":[{"name":"wp","href":"https:\/\/api.w.org\/{rel}","templated":true}]}}