{"id":30484,"date":"2026-09-02T04:14:43","date_gmt":"2026-09-02T07:14:43","guid":{"rendered":"https:\/\/resumenprovincial.com.ar\/?p=30484"},"modified":"2026-09-02T04:14:43","modified_gmt":"2026-09-02T07:14:43","slug":"fracaso-la-paritaria-universitaria-y-habra-paro-este-miercoles","status":"publish","type":"post","link":"https:\/\/resumenprovincial.com.ar\/?p=30484","title":{"rendered":"Fracas\u00f3 la paritaria universitaria y habr\u00e1 paro este mi\u00e9rcoles"},"content":{"rendered":"\n<p>El gobierno ofreci\u00f3 3%, lo cual tomado como una \u00abprovocaci\u00f3n\u00bb por los gremios. El atraso salarial ya roza el 40%<\/p>\n\n\n\n<p><strong>La reuni\u00f3n&nbsp;paritaria&nbsp;entre el gobierno y los gremios docentes universitarios termin\u00f3 este martes&nbsp;sin acuerdo<\/strong>, luego de que las autoridades nacionales ofrecieran un aumento salarial del&nbsp;<strong>3% para septiembre<\/strong>. Desde el Frente Sindical Universitario calificaron al ofrecimiento de \u201cvergonzoso\u201d y&nbsp;<strong>convocaron a un paro total de actividades para este mi\u00e9rcoles.<\/strong><\/p>\n\n\n\n<p>\u201cLa paritaria ha quedado inconclusa. El ofrecimiento formal por parte del Gobierno nacional fue de un 3% de aumento para los salarios de los docentes universitarios\u201d, afirm\u00f3&nbsp;<strong>Emiliano Cagnasi<\/strong>, secretario general de la Asociaci\u00f3n de Docentes de la UBA (<strong>ADUBA<\/strong>), quien particip\u00f3 del encuentro como representante de Fedun.<\/p>\n\n\n\n<p>La reuni\u00f3n se realiz\u00f3 en el marco de la paritaria nacional de la docencia universitaria y preuniversitaria, una instancia contemplada en la&nbsp;<strong>Ley de Financiamiento Universitario<\/strong>. El principal punto de conflicto fue la diferencia entre el incremento planteado por el Ejecutivo y la recomposici\u00f3n que reclaman los gremios a partir de lo establecido por esa norma.<\/p>\n\n\n\n<p>El&nbsp;<strong>Ministerio de Capital Humano confirm\u00f3 que la propuesta oficial fue \u201cun aumento del 3%&nbsp;<\/strong>en las remuneraciones correspondientes al mes de septiembre\u201d,&nbsp;<strong>a sumarse al \u201cincremento del 3% fijado para octubre<\/strong>, porcentaje acordado y comprometido formalmente en las mesas de negociaci\u00f3n de junio\u201d.<\/p>\n\n\n\n<h2 class=\"wp-block-heading\">Nuevo paro docente<\/h2>\n\n\n\n<p>Los gremios que forman parte del Frente Sindical Universitario rechazaron el \u201cvergonzoso aumento del 3% que ofreci\u00f3 el Gobierno nacional\u201d y convocaron a un paro total de actividades para este mi\u00e9rcoles.<\/p>\n\n\n\n<p>\u201cNo fue una oferta, fue una provocaci\u00f3n. CONADU junto a las dem\u00e1s Federaciones docentes acudimos a la convocatoria a paritarias con la determinaci\u00f3n de&nbsp;<strong>recuperar lo perdido: 31,2% + agosto + los salarios adeudados y el abordaje del FONID<\/strong>. Adem\u00e1s, planteamos que la \u00fanica resoluci\u00f3n del conflicto es con el cumplimiento irrestricto de la Ley de Financiamiento Universitario\u201d, se\u00f1al\u00f3 Clara Chevalier, Secretaria General de CONADU.<\/p>\n","protected":false},"excerpt":{"rendered":"<p>El gobierno ofreci&oacute; 3%, lo cual tomado como una &laquo;provocaci&oacute;n&raquo; por los gremios. El atraso salarial ya roza el 40%&hellip;<\/p>\n","protected":false},"author":2,"featured_media":30485,"comment_status":"closed","ping_status":"closed","sticky":false,"template":"","format":"standard","meta":{"footnotes":""},"categories":[9],"tags":[],"class_list":["post-30484","post","type-post","status-publish","format-standard","has-post-thumbnail","hentry","category-gremiales"],"_links":{"self":[{"href":"https:\/\/resumenprovincial.com.ar\/index.php?rest_route=\/wp\/v2\/posts\/30484","targetHints":{"allow":["GET"]}}],"collection":[{"href":"https:\/\/resumenprovincial.com.ar\/index.php?rest_route=\/wp\/v2\/posts"}],"about":[{"href":"https:\/\/resumenprovincial.com.ar\/index.php?rest_route=\/wp\/v2\/types\/post"}],"author":[{"embeddable":true,"href":"https:\/\/resumenprovincial.com.ar\/index.php?rest_route=\/wp\/v2\/users\/2"}],"replies":[{"embeddable":true,"href":"https:\/\/resumenprovincial.com.ar\/index.php?rest_route=%2Fwp%2Fv2%2Fcomments&post=30484"}],"version-history":[{"count":1,"href":"https:\/\/resumenprovincial.com.ar\/index.php?rest_route=\/wp\/v2\/posts\/30484\/revisions"}],"predecessor-version":[{"id":30486,"href":"https:\/\/resumenprovincial.com.ar\/index.php?rest_route=\/wp\/v2\/posts\/30484\/revisions\/30486"}],"wp:featuredmedia":[{"embeddable":true,"href":"https:\/\/resumenprovincial.com.ar\/index.php?rest_route=\/wp\/v2\/media\/30485"}],"wp:attachment":[{"href":"https:\/\/resumenprovincial.com.ar\/index.php?rest_route=%2Fwp%2Fv2%2Fmedia&parent=30484"}],"wp:term":[{"taxonomy":"category","embeddable":true,"href":"https:\/\/resumenprovincial.com.ar\/index.php?rest_route=%2Fwp%2Fv2%2Fcategories&post=30484"},{"taxonomy":"post_tag","embeddable":true,"href":"https:\/\/resumenprovincial.com.ar\/index.php?rest_route=%2Fwp%2Fv2%2Ftags&post=30484"}],"curies":[{"name":"wp","href":"https:\/\/api.w.org\/{rel}","templated":true}]}}