{"id":30487,"date":"2026-09-02T04:26:03","date_gmt":"2026-09-02T07:26:03","guid":{"rendered":"https:\/\/resumenprovincial.com.ar\/?p=30487"},"modified":"2026-09-02T04:26:04","modified_gmt":"2026-09-02T07:26:04","slug":"la-ultima-de-las-ultimas-opciones-ante-una-crecida-extrema-podrian-ocupar-cinco-gimnasios-escolares","status":"publish","type":"post","link":"https:\/\/resumenprovincial.com.ar\/?p=30487","title":{"rendered":"\u201cLa \u00faltima de las \u00faltimas opciones\u201d: ante una crecida extrema, podr\u00edan ocupar cinco gimnasios escolares"},"content":{"rendered":"\n<p>Ante un escenario meteorol\u00f3gico de mayores probabilidades de lluvias para los pr\u00f3ximos tres meses que provoque un desborde del rio Uruguay, el director Departamental de Escuelas de Concordia, Ernesto Alejandro Ram\u00edrez, expres\u00f3 esta ma\u00f1ana a DIARIOJUNIO que utilizar las escuelas para alojar evacuados es \u201cla \u00faltima de las \u00faltimas opciones\u201d. En ese caso hipot\u00e9tico, no ser\u00edan las escuelas en s\u00ed, sino los gimnasios. Y no cualquier pabell\u00f3n, sino los que est\u00e1n cerrados. \u201cLas clases estamos tratando que no se suspendan bajo ning\u00fan concepto\u201d, mencion\u00f3.<\/p>\n\n\n\n<p>Ram\u00edrez remarc\u00f3 varias veces que las escuelas son la \u00faltima opci\u00f3n, solo en caso de que se agoten los recursos del municipio. Entre ellas, mencion\u00f3 el gimnasio de la escuela secundaria N\u00ba 2 \u201cJos\u00e9 Gervasio Artigas\u201d, en La Bianca; la escuela Comercio N\u00ba 1 \u201cProfesor Gerardo Victor\u00edn\u201d; y la secundaria N\u00ba 9 \u201cIntendente Gerardo Yoya\u201d. Adem\u00e1s, solicitaron los gimnasios de Bachillerato Humanista y del Colegio Capuchinos. \u201cEstamos tratando de ver si ellos pueden colaborar y cedernos los espacios\u201d, mencion\u00f3.<\/p>\n\n\n\n<p>La actividad f\u00edsica en esos establecimientos deber\u00eda ser dictada en otros lugares. \u201cHay actividades que se pueden hacer a nivel \u00e1ulico o estudiar la parte te\u00f3rica. Se puede y trabajar tranquilamente en el aula\u201d<\/p>\n\n\n\n<p>Ram\u00edrez, adem\u00e1s, mencion\u00f3 que se deben adaptar. Se necesitan boxes especiales por cada familia y se estima que cada uno podr\u00eda albergar hasta 50 unidades familiares. Los boxes deben ser provistos por el municipio, adem\u00e1s de la seguridad, los ba\u00f1os, la seguridad, etc. Lo \u00fanico que hace el CGE (Consejo General de Educaci\u00f3n) es ceder el espacio y ellos se encargan de lo dem\u00e1s\u201d, acot\u00f3.<\/p>\n\n\n\n<figure class=\"wp-block-image size-full is-resized\"><img loading=\"lazy\" decoding=\"async\" width=\"697\" height=\"439\" src=\"https:\/\/resumenprovincial.com.ar\/wp-content\/uploads\/2026\/09\/bachillerato.jpg\" alt=\"\" class=\"wp-image-30488\" style=\"aspect-ratio:1.587714116952156;width:840px;height:auto\" srcset=\"https:\/\/resumenprovincial.com.ar\/wp-content\/uploads\/2026\/09\/bachillerato.jpg 697w, https:\/\/resumenprovincial.com.ar\/wp-content\/uploads\/2026\/09\/bachillerato-300x189.jpg 300w\" sizes=\"auto, (max-width: 697px) 100vw, 697px\" \/><figcaption class=\"wp-element-caption\"><strong><em>En la Departamental pidieron autorizaci\u00f3n para ocupar los gimnasios de escuelas privadas como el Bachillerato Humanista.<\/em><\/strong><\/figcaption><\/figure>\n\n\n\n<p>El COE (Comit\u00e9 de Operaciones de Emergencia) est\u00e1 trabajando en la adecuaci\u00f3n de los refugios para evacuados. De la misma forma, se est\u00e1 previendo la utilizaci\u00f3n de las barracas del Regimiento N\u00ba 6. No hay una previsi\u00f3n concreta acerca de la magnitud de la creciente, ni qu\u00e9 cifra de evacuados podr\u00eda alcanzar, ni la necesidad de refugios. El funcionario mencion\u00f3 que hay muchos autoevacuados que se trasladan a hogares de familiares. Se espera que las consecuencias mas intensas comiencen despu\u00e9s de septiembre, en octubre o noviembre Y podr\u00eda extenderse hasta marzo. \u201cOjala que no suceda y esta situaci\u00f3n sea lo mas leve posible\u201d.<\/p>\n\n\n\n<p>Recientemente, en declaraciones period\u00edsticas, el responsable del COE, Diego Saur\u00e9 \u2014DIARIOJUNIO intent\u00f3 entrevistarlo, pero no hubo respuestas desde la Secretar\u00eda de Prensa de la Municipalidad\u2014, explic\u00f3 d\u00edas pasados que el operativo de emergencia apunta a contar con capacidad suficiente para recibir a unas 4.000 personas evacuadas. Seg\u00fan detall\u00f3, actualmente ya se dispone de espacio para alrededor de 1.000, sin contabilizar otros lugares que eventualmente podr\u00edan incorporarse, como instalaciones del Regimiento, el gimnasio municipal, \u00e1reas vinculadas a Deportes y establecimientos educativos.<\/p>\n\n\n\n<p>El funcionario se\u00f1al\u00f3 que alcanzar una capacidad de 4.000 evacuados requiere la participaci\u00f3n y coordinaci\u00f3n de distintos organismos e instituciones. En ese marco, se contempla sumar espacios de manera progresiva y recurrir a instalaciones de los diferentes niveles del Estado, dejando a las escuelas como una alternativa de \u00faltima instancia.<\/p>\n\n\n\n<p>Ram\u00edrez prev\u00e9 que la utilizaci\u00f3n de los gimnasios escolares solo se podr\u00eda producir en caso de que el r\u00edo supere los 15 metros. Desde 2015 que eso no sucede. Siempre se utilizaron dependencias municipales, las barracas del Ejercito y hasta los vagones del ferrocarril que fueron cedidos para los vecinos del barrio Puerto.<\/p>\n\n\n\n<p>El antecedente de 2015<\/p>\n\n\n\n<p>Ese a\u00f1o se produjo la peor inundaci\u00f3n desde la de 1959, la m\u00e1s grave de la que se tiene memoria. En Concordia hubo 10 mil evacuados y autoevacuados. En aquel entonces, el secretario de Desarrollo Humano, Guillermo Echenause, calificaba la inundaci\u00f3n como \u201cla peor\u201d desde 1959. El entonces gobernador entrerriano, Gustavo Bordet, calificaba el fen\u00f3meno como \u201calgo in\u00e9dito en los \u00faltimos 50 a\u00f1os\u201d.<\/p>\n\n\n\n<figure class=\"wp-block-image size-full\"><img loading=\"lazy\" decoding=\"async\" width=\"870\" height=\"440\" src=\"https:\/\/resumenprovincial.com.ar\/wp-content\/uploads\/2026\/09\/2015.jpg\" alt=\"\" class=\"wp-image-30489\" srcset=\"https:\/\/resumenprovincial.com.ar\/wp-content\/uploads\/2026\/09\/2015.jpg 870w, https:\/\/resumenprovincial.com.ar\/wp-content\/uploads\/2026\/09\/2015-300x152.jpg 300w, https:\/\/resumenprovincial.com.ar\/wp-content\/uploads\/2026\/09\/2015-768x388.jpg 768w\" sizes=\"auto, (max-width: 870px) 100vw, 870px\" \/><\/figure>\n\n\n\n<p><strong><em>Foto: En 2015, el r\u00edo super\u00f3 los 15 metros frente al puerto local y hubo mas de 10.000 evacuados.<\/em><\/strong><\/p>\n\n\n\n<p><strong>Escuelas directamente afectadas<\/strong><\/p>\n\n\n\n<p>Son dos los establecimientos que podr\u00edan ser afectados en forma directa. Se trata de la primarias N\u00ba1 \u201cV\u00e9lez Sarsfield\u201d y N\u00ba 54 \u201cJuan Blasco\u201d. Cuando el r\u00edo llega a los 15 metros, se desborda el Manzores y el agua ingresa por las cloacas. En el caso de la V\u00e9lez Sarsfield, en 2015 el agua ha avanzado calle arriba por Catamarca, a la altura de Col\u00f3n y un poco mas, casi Presb\u00edtero del Castillo.<\/p>\n\n\n\n<p>Llegado el caso, podr\u00edan verse afectados numerosos alumnos ya que es una escuela de primara categor\u00eda con una matricula importante. En ambos establecimientos, llegado el caso, Ram\u00edrez sostuvo que se deber\u00e1 trabajar en forma \u201ch\u00edbrida\u201d, en alusi\u00f3n a dar clases de manera virtual, tratando de que la parte pedag\u00f3gica no se interrumpa.<\/p>\n\n\n\n<p>Por otra parte, docentes y alumnos que sufran las consecuencias de la crecida en sus hogares tendr\u00e1n una licencia especial.<\/p>\n\n\n\n<figure class=\"wp-block-image size-full is-resized\"><img loading=\"lazy\" decoding=\"async\" width=\"699\" height=\"453\" src=\"https:\/\/resumenprovincial.com.ar\/wp-content\/uploads\/2026\/09\/geraro-yoya.jpg\" alt=\"\" class=\"wp-image-30490\" style=\"aspect-ratio:1.5430539609644087;width:840px;height:auto\" srcset=\"https:\/\/resumenprovincial.com.ar\/wp-content\/uploads\/2026\/09\/geraro-yoya.jpg 699w, https:\/\/resumenprovincial.com.ar\/wp-content\/uploads\/2026\/09\/geraro-yoya-300x194.jpg 300w\" sizes=\"auto, (max-width: 699px) 100vw, 699px\" \/><figcaption class=\"wp-element-caption\">E<strong><em>l gimnasio de la escuela \u00abGerardo Yoya\u00bb: otra de las escuelas que podr\u00eda ser ocupada para los evacuados.<\/em><\/strong><\/figcaption><\/figure>\n\n\n\n<p><strong><em>Fuente: Diario Junio<\/em><\/strong><\/p>\n","protected":false},"excerpt":{"rendered":"<p>Ante un escenario meteorol&oacute;gico de mayores probabilidades de lluvias para los pr&oacute;ximos tres meses que provoque un desborde del rio&hellip;<\/p>\n","protected":false},"author":2,"featured_media":30491,"comment_status":"closed","ping_status":"closed","sticky":false,"template":"","format":"standard","meta":{"footnotes":""},"categories":[34],"tags":[],"class_list":["post-30487","post","type-post","status-publish","format-standard","has-post-thumbnail","hentry","category-provinciales"],"_links":{"self":[{"href":"https:\/\/resumenprovincial.com.ar\/index.php?rest_route=\/wp\/v2\/posts\/30487","targetHints":{"allow":["GET"]}}],"collection":[{"href":"https:\/\/resumenprovincial.com.ar\/index.php?rest_route=\/wp\/v2\/posts"}],"about":[{"href":"https:\/\/resumenprovincial.com.ar\/index.php?rest_route=\/wp\/v2\/types\/post"}],"author":[{"embeddable":true,"href":"https:\/\/resumenprovincial.com.ar\/index.php?rest_route=\/wp\/v2\/users\/2"}],"replies":[{"embeddable":true,"href":"https:\/\/resumenprovincial.com.ar\/index.php?rest_route=%2Fwp%2Fv2%2Fcomments&post=30487"}],"version-history":[{"count":1,"href":"https:\/\/resumenprovincial.com.ar\/index.php?rest_route=\/wp\/v2\/posts\/30487\/revisions"}],"predecessor-version":[{"id":30492,"href":"https:\/\/resumenprovincial.com.ar\/index.php?rest_route=\/wp\/v2\/posts\/30487\/revisions\/30492"}],"wp:featuredmedia":[{"embeddable":true,"href":"https:\/\/resumenprovincial.com.ar\/index.php?rest_route=\/wp\/v2\/media\/30491"}],"wp:attachment":[{"href":"https:\/\/resumenprovincial.com.ar\/index.php?rest_route=%2Fwp%2Fv2%2Fmedia&parent=30487"}],"wp:term":[{"taxonomy":"category","embeddable":true,"href":"https:\/\/resumenprovincial.com.ar\/index.php?rest_route=%2Fwp%2Fv2%2Fcategories&post=30487"},{"taxonomy":"post_tag","embeddable":true,"href":"https:\/\/resumenprovincial.com.ar\/index.php?rest_route=%2Fwp%2Fv2%2Ftags&post=30487"}],"curies":[{"name":"wp","href":"https:\/\/api.w.org\/{rel}","templated":true}]}}