{"id":30493,"date":"2026-09-02T04:30:30","date_gmt":"2026-09-02T07:30:30","guid":{"rendered":"https:\/\/resumenprovincial.com.ar\/?p=30493"},"modified":"2026-09-02T04:37:25","modified_gmt":"2026-09-02T07:37:25","slug":"el-dato-que-ilusiona-al-peronismo-para-las-elecciones-del-2027-que-van-a-hacer-los-arrepentidos-de-milei","status":"publish","type":"post","link":"https:\/\/resumenprovincial.com.ar\/?p=30493","title":{"rendered":"El dato que ilusiona al peronismo para las elecciones del 2027: qu\u00e9 van a hacer los arrepentidos de Milei"},"content":{"rendered":"\n<p>El sondeo de la consultora QSocial analiz\u00f3 el comportamineto de las personas que votaron al libertario en 2023, pero que el a\u00f1o que viene se inclinar\u00e1n por otro espacio pol\u00edtico.&nbsp;<\/p>\n\n\n\n<p><strong>Tres de cada diez votantes que eligieron a Javier Milei en la primera vuelta de 2023<\/strong>&nbsp;hoy desaprueban su gesti\u00f3n. El dato surge de&nbsp;<strong>una encuesta nacional de QSocial realizada en julio de 2026<\/strong>&nbsp;y expone a un grupo que puede resultar decisivo en la disputa pol\u00edtica de cara a las&nbsp;<a target=\"_blank\" href=\"https:\/\/www.eldestapeweb.com\/politica\/peronismo-empezo-pensar-puede-volver-gobernar-20268300556\" rel=\"noreferrer noopener\"><strong>elecciones de 2027<\/strong><\/a>: los denominados \u00abarrepentidos libertarios\u00bb. Seg\u00fan el estudio,&nbsp;<strong>representan el 12% del electorado argentino<\/strong>&nbsp;y una parte importante podr\u00eda migrar hacia el peronismo.<\/p>\n\n\n\n<p>El estudio elaborado por&nbsp;<strong>QSocial<\/strong>, sobre 1.539 casos, identifica como \u00abarrepentidos libertarios\u00bb a&nbsp;<strong>quienes votaron por Milei<\/strong>&nbsp;en la primera vuelta de 2023 pero actualmente desaprueban su gesti\u00f3n. En t\u00e9rminos generales, se trata de tres de cada diez votantes que acompa\u00f1aron al actual Presidente en aquella elecci\u00f3n. Al trasladar ese dato al conjunto del electorado, el grupo representa el&nbsp;<strong>12%.<\/strong><\/p>\n\n\n\n<p>El perfil tambi\u00e9n aporta una pista sobre d\u00f3nde se produjo el mayor desgaste del Gobierno.&nbsp;<strong>La encuesta se\u00f1ala que el arrepentimiento golpea especialmente a los sectores m\u00e1s humildes<\/strong>&nbsp;y que los votantes con menor nivel educativo son quienes m\u00e1s se alejaron de&nbsp;<strong>Milei<\/strong>. De hecho,&nbsp;<strong>el 31% de los arrepentidos libertarios tiene hasta primario completo como m\u00e1ximo nivel educativo.<\/strong><\/p>\n\n\n\n<p>Seg\u00fan la consultora, quienes&nbsp;<strong>hoy se consideran arrepentidos ya conoc\u00edan en 2023<\/strong>&nbsp;el perfil agresivo y confrontativo del entonces candidato. Por eso, el estudio concluye que el cambio de posici\u00f3n estar\u00eda vinculado fundamentalmente con los resultados de la gesti\u00f3n.<\/p>\n\n\n\n<p>Entre los arrepentidos,&nbsp;<strong>el 91% considera que Milei perjudica a los sectores vulnerables<\/strong>, mientras que el 89% cree que el ajuste no vali\u00f3 la pena. El dato adquiere todav\u00eda m\u00e1s relevancia cuando se consulta sobre el futuro pol\u00edtico: el 62% de este grupo considera que un triunfo de Milei ser\u00eda peor para el pa\u00eds que una victoria del peronismo.<\/p>\n\n\n\n<h2 class=\"wp-block-heading\">Massa y Kicillof, los m\u00e1s elegidos por los arrepentidos<\/h2>\n\n\n\n<p>El dato que puede generar expectativa dentro del peronismo apareci\u00f3 cuando&nbsp;<strong>QSocial&nbsp;<\/strong>analiz\u00f3 hacia d\u00f3nde podr\u00eda dirigirse ese voto. Entre los dirigentes consultados,&nbsp;<strong>Sergio Massa<\/strong>&nbsp;<strong>encabeza las preferencias potenciales<\/strong>&nbsp;de los arrepentidos libertarios, con un&nbsp;<strong>40%<\/strong>. En segundo lugar aparece&nbsp;<strong>Axel Kicillof, con 35%.&nbsp;<\/strong>As\u00ed, el 75% migrar\u00eda hacia el peronismo.&nbsp;<\/p>\n\n\n\n<p>M\u00e1s atr\u00e1s se ubican dos figuras vinculadas al centro pol\u00edtico:&nbsp;<strong>Mauricio Macri, con 27%, y Patricia Bullrich, con 25%.<\/strong>&nbsp;<\/p>\n\n\n\n<p><em><strong>Fuente: El Detape<\/strong><\/em><\/p>\n","protected":false},"excerpt":{"rendered":"<p>El sondeo de la consultora QSocial analiz&oacute; el comportamineto de las personas que votaron al libertario en 2023, pero que&hellip;<\/p>\n","protected":false},"author":2,"featured_media":30494,"comment_status":"closed","ping_status":"closed","sticky":false,"template":"","format":"standard","meta":{"footnotes":""},"categories":[33],"tags":[],"class_list":["post-30493","post","type-post","status-publish","format-standard","has-post-thumbnail","hentry","category-nacionales"],"_links":{"self":[{"href":"https:\/\/resumenprovincial.com.ar\/index.php?rest_route=\/wp\/v2\/posts\/30493","targetHints":{"allow":["GET"]}}],"collection":[{"href":"https:\/\/resumenprovincial.com.ar\/index.php?rest_route=\/wp\/v2\/posts"}],"about":[{"href":"https:\/\/resumenprovincial.com.ar\/index.php?rest_route=\/wp\/v2\/types\/post"}],"author":[{"embeddable":true,"href":"https:\/\/resumenprovincial.com.ar\/index.php?rest_route=\/wp\/v2\/users\/2"}],"replies":[{"embeddable":true,"href":"https:\/\/resumenprovincial.com.ar\/index.php?rest_route=%2Fwp%2Fv2%2Fcomments&post=30493"}],"version-history":[{"count":2,"href":"https:\/\/resumenprovincial.com.ar\/index.php?rest_route=\/wp\/v2\/posts\/30493\/revisions"}],"predecessor-version":[{"id":30500,"href":"https:\/\/resumenprovincial.com.ar\/index.php?rest_route=\/wp\/v2\/posts\/30493\/revisions\/30500"}],"wp:featuredmedia":[{"embeddable":true,"href":"https:\/\/resumenprovincial.com.ar\/index.php?rest_route=\/wp\/v2\/media\/30494"}],"wp:attachment":[{"href":"https:\/\/resumenprovincial.com.ar\/index.php?rest_route=%2Fwp%2Fv2%2Fmedia&parent=30493"}],"wp:term":[{"taxonomy":"category","embeddable":true,"href":"https:\/\/resumenprovincial.com.ar\/index.php?rest_route=%2Fwp%2Fv2%2Fcategories&post=30493"},{"taxonomy":"post_tag","embeddable":true,"href":"https:\/\/resumenprovincial.com.ar\/index.php?rest_route=%2Fwp%2Fv2%2Ftags&post=30493"}],"curies":[{"name":"wp","href":"https:\/\/api.w.org\/{rel}","templated":true}]}}