{"id":30496,"date":"2026-09-02T04:36:20","date_gmt":"2026-09-02T07:36:20","guid":{"rendered":"https:\/\/resumenprovincial.com.ar\/?p=30496"},"modified":"2026-09-02T04:36:21","modified_gmt":"2026-09-02T07:36:21","slug":"desde-la-carcel-fernando-cerimedo-le-exigio-a-nadia-beller-que-deje-de-acusarlo-sin-pruebas","status":"publish","type":"post","link":"https:\/\/resumenprovincial.com.ar\/?p=30496","title":{"rendered":"Desde la c\u00e1rcel, Fernando Cerimedo le exigi\u00f3 a Nadia Beller que deje de acusarlo \u00absin pruebas\u00bb"},"content":{"rendered":"\n<p>El exasesor de Javier Milei difundi\u00f3 otra carta desde la c\u00e1rcel donde pidi\u00f3 \u00abque se investigue,\u00a0que se respete el debido proceso y que se permita que la verdad salga a la luz\u00bb. Tambi\u00e9n se refiri\u00f3 al supuesto sicario que explic\u00f3 que a su expareja solo quer\u00edan darle \u00abun susto\u00bb.<\/p>\n\n\n\n<p>El exasesor de\u00a0<strong>Javier Milei\u00a0<\/strong>en prisi\u00f3n preventiva por el intento de asesinato de su expareja\u00a0<strong>Nadia Beller<\/strong>\u00a0y por enriquecimiento il\u00edcito en\u00a0<strong>Bolivia\u00a0<\/strong>difundi\u00f3 una carta donde<strong>\u00a0le exigi\u00f3 a su exnovia que deje de acusarlo \u00absin pruebas\u00bb<\/strong>\u00a0y pidi\u00f3 \u00abque se investigue,\u00a0que se respete el debido proceso y que se permita que la verdad salga a la luz\u00bb.<\/p>\n\n\n\n<p>\u00abPodemos tener diferencias personales, pero\u00a0<strong>existen l\u00edmites que no deber\u00edan cruzarse\u00a0<\/strong>cuando est\u00e1 en juego la libertad y la vida de una persona\u00bb, le remarc\u00f3\u00a0<strong>Fernando Cerimedo<\/strong>\u00a0a la v\u00edctima del intento de femicidio por el que se lo detuvo e investiga.<\/p>\n\n\n\n<p>El consultor pol\u00edtico reiter\u00f3 que es \u00ab<strong>inocente<\/strong>\u00bb y que \u00abjam\u00e1s\u00bb tuvo la intenci\u00f3n ni la capacidad de hacerle da\u00f1o a Beller y afirm\u00f3: \u00ab<strong>No pido un trato especial<\/strong>. No pido que nadie me crea simplemente por mis palabras\u00bb.<\/p>\n\n\n\n<figure class=\"wp-block-image size-full is-resized\"><img loading=\"lazy\" decoding=\"async\" width=\"790\" height=\"444\" src=\"https:\/\/resumenprovincial.com.ar\/wp-content\/uploads\/2026\/09\/cerimedo.webp\" alt=\"\" class=\"wp-image-30497\" style=\"aspect-ratio:1.779307605745681;width:840px;height:auto\" srcset=\"https:\/\/resumenprovincial.com.ar\/wp-content\/uploads\/2026\/09\/cerimedo.webp 790w, https:\/\/resumenprovincial.com.ar\/wp-content\/uploads\/2026\/09\/cerimedo-300x169.webp 300w, https:\/\/resumenprovincial.com.ar\/wp-content\/uploads\/2026\/09\/cerimedo-768x432.webp 768w\" sizes=\"auto, (max-width: 790px) 100vw, 790px\" \/><\/figure>\n\n\n\n<p id=\"p-1788303440781-55491\">Cerimedo record\u00f3 que en la declaraci\u00f3n de la mujer \u00abexisten referencias que planteaban<strong>&nbsp;la posibilidad de que el ataque pudiera haber sido utilizado\u00bb para perjudicarlo<\/strong>.<\/p>\n\n\n\n<p id=\"p-1788303488316-79762\">\u00abLa&nbsp;<strong>acusaci\u00f3n de feminicidio<\/strong>&nbsp;(en grado de tentativa) ha destruido completamente mi vida\u00bb, lament\u00f3 uno de los responsables de la campa\u00f1a electoral de Milei en 2023 y subray\u00f3: \u00abLlevo&nbsp;<strong>casi 14 d\u00edas privado de libertad<\/strong>&nbsp;<strong>por un hecho que no comet\u00ed<\/strong>. Para m\u00ed y para mi familia, estos d\u00edas han sido de<strong>&nbsp;enorme dolor e impotencia<\/strong>\u00ab.<\/p>\n\n\n\n<p id=\"p-1788303576519-78501\">Adem\u00e1s, el asesor cruz\u00f3 al vicepresidente boliviano,&nbsp;<strong>Edmand Lara Monta\u00f1o<\/strong>, y neg\u00f3 estar \u00abconstruyendo una narrativa\u00bb. \u00abEstoy detenido, incomunicado, lejos de mi familia y&nbsp;<strong>atravesando una situaci\u00f3n que no merezco porque soy inocente<\/strong>. Lo \u00fanico que estoy pidiendo es justicia y libertad\u00bb, concluy\u00f3.<\/p>\n\n\n\n<h2 class=\"wp-block-heading\" id=\"p-1788303537515-59925\">Qu\u00e9 dijo Fernando Cerimedo sobre el video del supuesto sicario<\/h2>\n\n\n\n<p id=\"p-1788303716497-91097\">Cerimedo detall\u00f3 que tuvo acceso al video de un supuesto sicario que se present\u00f3 como&nbsp;<strong>Aldo Silva Pe\u00f1a<\/strong>, alias \u00abEl Juancho\u00bb, uno de los investigados por el intento de femicidio, y afirm\u00f3 que<strong>&nbsp;\u00abel prop\u00f3sito era pegarle un susto\u00bb a Beller<\/strong>&nbsp;ya que el verdadero objetivo era \u00abuna persona de nacionalidad gaucha, argentina\u00bb. El video fue difundido por el medio boliviano&nbsp;<em>Br\u00fajula Noticias<\/em>.<\/p>\n\n\n\n<p>Desde la c\u00e1rcel de Palmasola, el consultor sostuvo que \u00abel contenido de esa declaraci\u00f3n<strong>\u00a0aporta elementos que pueden ayudar a esclarecer de d\u00f3nde pudo haber surgido el ataque\u00a0<\/strong>y qui\u00e9nes fueron realmente sus responsables\u00bb. El diario boliviano<em>\u00a0El Deber<\/em>\u00a0tuvo acceso a\u00a0<a href=\"https:\/\/eldeber.com.bo\/santa-cruz\/cerimedo-senala-declaraciones-presunto-sicario-pueden-conducir-responsables-atentado-beller_1788281494\" target=\"_blank\" rel=\"noreferrer noopener\">la carta del detenido<\/a>.<\/p>\n\n\n\n<p><em><strong>Fuente: C5N<\/strong><\/em><\/p>\n","protected":false},"excerpt":{"rendered":"<p>El exasesor de Javier Milei difundi&oacute; otra carta desde la c&aacute;rcel donde pidi&oacute; &laquo;que se investigue,&nbsp;que se respete el debido&hellip;<\/p>\n","protected":false},"author":2,"featured_media":30498,"comment_status":"closed","ping_status":"closed","sticky":false,"template":"","format":"standard","meta":{"footnotes":""},"categories":[12],"tags":[],"class_list":["post-30496","post","type-post","status-publish","format-standard","has-post-thumbnail","hentry","category-internacionales"],"_links":{"self":[{"href":"https:\/\/resumenprovincial.com.ar\/index.php?rest_route=\/wp\/v2\/posts\/30496","targetHints":{"allow":["GET"]}}],"collection":[{"href":"https:\/\/resumenprovincial.com.ar\/index.php?rest_route=\/wp\/v2\/posts"}],"about":[{"href":"https:\/\/resumenprovincial.com.ar\/index.php?rest_route=\/wp\/v2\/types\/post"}],"author":[{"embeddable":true,"href":"https:\/\/resumenprovincial.com.ar\/index.php?rest_route=\/wp\/v2\/users\/2"}],"replies":[{"embeddable":true,"href":"https:\/\/resumenprovincial.com.ar\/index.php?rest_route=%2Fwp%2Fv2%2Fcomments&post=30496"}],"version-history":[{"count":1,"href":"https:\/\/resumenprovincial.com.ar\/index.php?rest_route=\/wp\/v2\/posts\/30496\/revisions"}],"predecessor-version":[{"id":30499,"href":"https:\/\/resumenprovincial.com.ar\/index.php?rest_route=\/wp\/v2\/posts\/30496\/revisions\/30499"}],"wp:featuredmedia":[{"embeddable":true,"href":"https:\/\/resumenprovincial.com.ar\/index.php?rest_route=\/wp\/v2\/media\/30498"}],"wp:attachment":[{"href":"https:\/\/resumenprovincial.com.ar\/index.php?rest_route=%2Fwp%2Fv2%2Fmedia&parent=30496"}],"wp:term":[{"taxonomy":"category","embeddable":true,"href":"https:\/\/resumenprovincial.com.ar\/index.php?rest_route=%2Fwp%2Fv2%2Fcategories&post=30496"},{"taxonomy":"post_tag","embeddable":true,"href":"https:\/\/resumenprovincial.com.ar\/index.php?rest_route=%2Fwp%2Fv2%2Ftags&post=30496"}],"curies":[{"name":"wp","href":"https:\/\/api.w.org\/{rel}","templated":true}]}}